 {"id":31368,"date":"2024-06-21T18:29:23","date_gmt":"2024-06-21T16:29:23","guid":{"rendered":"https:\/\/vvnunspeet.nl\/?p=31368"},"modified":"2024-06-21T18:29:24","modified_gmt":"2024-06-21T16:29:24","slug":"invulling-technisch-jeugdkader","status":"publish","type":"post","link":"https:\/\/vvnunspeet.nl\/index.php\/2024\/06\/21\/invulling-technisch-jeugdkader\/","title":{"rendered":"Invulling Technisch Jeugdkader"},"content":{"rendered":"\n<p><em>BREAKING NEWS: Invulling Technisch Jeugdkader met HJO (Hoofd Jeugd Opleiding) en VTC (Voetbal Technische Co\u00f6rdinatoren) brengt de opleidingsvisie uit het jeugdbeleidsplan naar de volgende fase!<\/em><\/p>\n\n\n\n<p>Het jeugdbeleidsplan is opgesteld voor alle teams en betrokkenen bij het jeugdvoetbal. Van voetbalschool tot en met O19 en voor de jongens- en meidenteams. We hebben met het jeugdbeleidsplan de ambitie om de jeugd naar een (nog) hoger niveau te tillen de komende jaren, waarbij plezier voorop staat.<\/p>\n\n\n\n<p><strong><em>Visie<br><\/em><\/strong>Om onze visie uit het jeugdbeleidsplan, <em>\u201cHet ontwikkelen en opleiden van spelers op elk niveau in een veilige en plezierige sportomgeving\u201d<\/em>, vorm te geven is invulling van het Technisch Jeugdkader van essentieel belang. De commissie Voetbalzaken Jeugd is verantwoordelijk voor het dagelijks reilen en zeilen van het jeugdvoetbal, waarbij het voetbaltechnische deel volledig valt onder de verantwoordelijkheid van de Hoofd Opleiding Jeugd (HJO) die daarbij wordt ondersteund door Voetbal Technische Co\u00f6rdinatoren (VTC). Dit om onze jeugdtrainers en -leiders zo goed mogelijk te begeleiden en te faciliteren. Ter benadrukking is het Technisch Jeugdkader er voor alle jeugdteams, want zoals in onze visie is opgenomen willen we onze jeugdspelers op elk niveau ontwikkelen.<\/p>\n\n\n\n<p><strong><em>Structuur<br><\/em><\/strong>In onderstaande structuur is de opgezette organisatie van de jeugd schematisch weergegeven:<br><\/p>\n\n\n\n<p class=\"has-text-align-center\"><img decoding=\"async\" loading=\"lazy\" width=\"599\" height=\"340\" class=\"wp-image-31369\" style=\"width: 599px;\" src=\"http:\/\/vvnunspeet.nl\/wp-content\/uploads\/2024\/06\/Afbeelding1.png\" alt=\"\" srcset=\"https:\/\/vvnunspeet.nl\/wp-content\/uploads\/2024\/06\/Afbeelding1.png 599w, https:\/\/vvnunspeet.nl\/wp-content\/uploads\/2024\/06\/Afbeelding1-300x170.png 300w\" sizes=\"(max-width: 599px) 100vw, 599px\" \/><\/p>\n\n\n\n<p><strong><em>Invulling Technisch Jeugdkader<br><\/em><\/strong>Met enorm veel trots kunnen wij als Voetbalzaken Jeugd meedelen dat na onze inspanningen en vele overleggen het Technisch Jeugdkader grotendeels is ingevuld. Wij hebben een Hoofd Opleiding Jeugd (HJO), meerdere Voetbal Technische Co\u00f6rdinatoren (VTC) en algemene leden voor de ondersteuning bereidt gevonden om de opleidingsvisie uit het jeugdbeleidsplan met ingang van volgend seizoen in de praktijk te brengen.<\/p>\n\n\n\n<p><strong><em>Hoofd Opleiding Jeugd (HJO)<br><\/em><\/strong>Na meerdere gesprekken heeft Andr\u00e9 van de Kolk aangegeven de handschoen op te pakken en de uitdaging als HJO aan te gaan. Andr\u00e9 is een echte clubman en voor velen binnen onze vereniging geen onbekende. Op dit moment is Andr\u00e9 assistent-trainer bij de JO17-1 en daarvoor is hij vele jaren jeugdtrainer geweest bij verschillende leeftijdscategorie\u00ebn. Als speler heeft Andr\u00e9 zijn sporen verdiend in het 1e en 2e seniorenteam van vv Nunspeet. Andr\u00e9 heeft hiermee een enorme bagage aan ervaring en weet hoe de hazen binnen onze vereniging lopen. Een rol als HJO waarbij je de verantwoordelijkheid draagt voor het voetbaltechnische deel van alle jeugdteams gaat echter wel een stapje verder en daar is Andr\u00e9 zich van bewust. Daarom gaat Andr\u00e9 na zijn eerste jaar als HJO ook de opleiding tot Hoofd Opleiding B volgen bij de KNVB. Na zijn eerste jaar voldoet hij aan de toelatingseisen. Het opleidingsgedeelte bestaat uit 11 bijeenkomsten wat Andr\u00e9 zal helpen bij het ontwikkelen van zijn kennis en vaardigheden om het Technisch Jeugdkader goed aan te sturen. Als Voetbalzaken Jeugd ondersteunen wij Andr\u00e9 hier volledig in.<\/p>\n\n\n\n<p><strong><em>Reactie Andr\u00e9 van de Kolk:<br><\/em><\/strong><em>\u201cIk zie het als een enorme uitdaging om deze klus op te pakken voor onze mooie vereniging. Zoals genoemd ga ik dit samen doen met allemaal clubmensen die de jeugd op een hoger plan willen brengen. Samen kunnen we veel bereiken en we hopen op een goede samenwerking met alle jeugdtrainers en -leiders.\u201c<\/em><\/p>\n\n\n\n<p><strong><em>Voetbal Technische Co\u00f6rdinatoren (VTC)<br><\/em><\/strong>Andr\u00e9 gaf in de gesprekken terecht aan dat het een enorme uitdagende klus is om dit voor alle jeugdteams op een goede manier op te pakken en dat hij dit niet alleen kan. Daarom is de invulling van meerdere Voetbal Technische Co\u00f6rdinatoren enorm belangrijk om voldoende aandacht te hebben voor alle jeugdteams. De volgende Voetbal Technische Co\u00f6rdinatoren gaan als eerste aanspreekpunt fungeren voor de teams in hun leeftijdscategorie voor het voetbaltechnische gedeelte:<\/p>\n\n\n\n<ul>\n<li>Meidenteams : Erik de Weerd<\/li>\n\n\n\n<li>O17 \u2013 O19 : Erik van Gameren<\/li>\n\n\n\n<li>O14 \u2013 O15 : Patrick Rekers<\/li>\n\n\n\n<li>O12 \u2013 O13 : Lars ten Dolle<\/li>\n\n\n\n<li>O10 \u2013 O11 : Frank Bronkhorst<\/li>\n\n\n\n<li>O8 \u2013 O9 : Vacant<\/li>\n\n\n\n<li>Keepers : Koen Meijerink en Mo Bakalli<\/li>\n<\/ul>\n\n\n\n<p>Met deze co\u00f6rdinatoren hebben we enorm veel voetbal knowhow om onze jeugdtrainers- en leiders te ondersteunen bij het geven van trainingen en begeleiden van wedstrijden. Het is de insteek dat de Voetbal Technische Co\u00f6rdinatoren veel zichtbaar zullen zijn tijdens trainingen en wedstrijden en daarnaast het eerste aanspreekpunt zijn jeugdtrainers- en leiders. De ruime ervaring die ze zelf hebben opgedaan als voetballer en\/of jeugdtrainer kunnen ze met een positieve benadering volop delen. Wij hopen en verwachten ook dat onze jeugdtrainers- en leiders openstaan voor deze positieve feedback. Het doel is hiermee om het niveau van de trainingen en wedstrijden te verhogen, maar het zorgt ook voor meer plezier bij onze jeugdtrainers- en leiders. Want je staat er immers niet alleen voor en als jeugdtrainer- en leider wil je natuurlijk leuke \u00e9n leerzame trainingsoefeningen neerzetten waardoor jeugdspelers zich kunnen ontwikkelen op zijn of haar eigen niveau.<\/p>\n\n\n\n<p>We zoeken nog een Voetbal Technische Co\u00f6rdinator voor de leeftijdscategorie\u00ebn O8 en O9. Lijkt het je leuk en wil je ook deel uitmaken van dit team? Meld je dan bij Andr\u00e9 van de Kolk of Voetbalzaken Jeugd.<\/p>\n\n\n\n<p><strong><em>Algemene leden Technisch Jeugdkader<br><\/em><\/strong>Naast de aanstelling van een HJO en meerdere VTC\u2019s zullen nog drie algemene leden het Technisch Jeugdkader complementeren. Als eerste zal Gert Gosseling zitting nemen om voor verbinding en communicatie te zorgen tussen het Technisch Jeugdkader en Voetbalzaken Jeugd. Met Arjen ten Brink en Arnold Zoet is het gelukt om veel ervaring toe te voegen aan het goed opzetten van het geheel. Arjen en Arnold zullen de maandelijkse vergaderingen voorbereiden en de actiepunten oppakken en\/of bewaken. Hiermee kunnen Andr\u00e9 en de co\u00f6rdinatoren zoveel mogelijk ontlast worden in alle randzaken, waardoor de focus volledig kan liggen op het voetbaltechnische deel. De commissie Voetbalzaken Jeugd is en blijft verantwoordelijk voor het dagelijks reilen en zeilen van het jeugdvoetbal.<\/p>\n\n\n\n<p><strong><em>Interne scouting<br><\/em><\/strong>De interne scouting is nog niet volledig ingevuld en zal \u00e9\u00e9n van de taken zijn van het Technisch Jeugdkader om komend seizoen verder vorm te geven en op te zetten.<\/p>\n\n\n\n<p><strong><em>Startbijeenkomst woensdagavond 5 september<br><\/em><\/strong>Het Technisch Jeugdkader zal volgend seizoen op woensdagavond 5 september een startbijeenkomst plannen voor alle jeugdtrainers- en leiders van de jeugd. Binnenkort zal een ieder hierover ge\u00efnformeerd worden. Deze bijeenkomst zien wij als een mooi startsein voor het Technisch Jeugdkader en kennismaking met alle jeugdtrainers- en leiders van de jeugd. Noteer dus alvast in je agenda, we hopen op een grote opkomst!<\/p>\n\n\n\n<p><strong><em>Jeugdbeleidsplan<br><\/em><\/strong>Het opgestelde jeugdbeleidsplan is op dit moment nog niet definitief vastgesteld. Met alle leden van het Technisch Jeugdkader is het jeugdbeleidsplan volledig doorgenomen. De feedback daaruit en de laatste verbeterpuntjes worden nu op de spreekwoordelijk i gezet omdat we nauwkeurig te werk willen gaan. Naar verwachting zal begin volgend seizoen het jeugdbeleidsplan definitief goed gekeurd worden en kunnen we dit delen op de website. Hopelijk is tegen die tijd de contouren van het jeugdbeleidsplan in de praktijk al goed zichtbaar en is het vaststellen daarvan meer een formeel moment.<\/p>\n\n\n\n<p><strong><em>Tot slot<br><\/em><\/strong>Als Voetbalzaken Jeugd zijn we enorm trots dat het gelukt is om een stevig jeugdbeleidsplan met invulling van het Technisch Jeugdkader neer te zetten. Hiermee zijn de voorwaarden gecre\u00eberd om de komende jaren grote stappen te zetten binnen onze groeiende jeugdopleiding.<\/p>\n\n\n\n<p>Er is veel vertrouwen in Andr\u00e9 van de Kolk om samen met de Voetbal Technische Co\u00f6rdinatoren en de andere leden van het Technisch Jeugdkader de opleidingsvisie van het jeugdbeleidsplan in de praktijk te brengen en het voetbaltechnische deel naar een hoger niveau te tillen, waarbij een veilige en plezierige sportomgeving centraal staat. Wij wensen het Technisch Jeugdkader hierbij enorm veel succes!<\/p>\n\n\n\n<p>Commissie Voetbalzaken Jeugd<\/p>\n","protected":false},"excerpt":{"rendered":"<p>BREAKING NEWS: Invulling Technisch Jeugdkader met HJO (Hoofd Jeugd Opleiding) en VTC (Voetbal Technische Co\u00f6rdinatoren) brengt de opleidingsvisie uit het jeugdbeleidsplan naar de volgende fase! Het jeugdbeleidsplan is opgesteld voor [&hellip;]<\/p>\n","protected":false},"author":2,"featured_media":20368,"comment_status":"closed","ping_status":"closed","sticky":false,"template":"","format":"standard","meta":{"ngg_post_thumbnail":0},"categories":[528],"tags":[],"_links":{"self":[{"href":"https:\/\/vvnunspeet.nl\/index.php\/wp-json\/wp\/v2\/posts\/31368"}],"collection":[{"href":"https:\/\/vvnunspeet.nl\/index.php\/wp-json\/wp\/v2\/posts"}],"about":[{"href":"https:\/\/vvnunspeet.nl\/index.php\/wp-json\/wp\/v2\/types\/post"}],"author":[{"embeddable":true,"href":"https:\/\/vvnunspeet.nl\/index.php\/wp-json\/wp\/v2\/users\/2"}],"replies":[{"embeddable":true,"href":"https:\/\/vvnunspeet.nl\/index.php\/wp-json\/wp\/v2\/comments?post=31368"}],"version-history":[{"count":2,"href":"https:\/\/vvnunspeet.nl\/index.php\/wp-json\/wp\/v2\/posts\/31368\/revisions"}],"predecessor-version":[{"id":31371,"href":"https:\/\/vvnunspeet.nl\/index.php\/wp-json\/wp\/v2\/posts\/31368\/revisions\/31371"}],"wp:featuredmedia":[{"embeddable":true,"href":"https:\/\/vvnunspeet.nl\/index.php\/wp-json\/wp\/v2\/media\/20368"}],"wp:attachment":[{"href":"https:\/\/vvnunspeet.nl\/index.php\/wp-json\/wp\/v2\/media?parent=31368"}],"wp:term":[{"taxonomy":"category","embeddable":true,"href":"https:\/\/vvnunspeet.nl\/index.php\/wp-json\/wp\/v2\/categories?post=31368"},{"taxonomy":"post_tag","embeddable":true,"href":"https:\/\/vvnunspeet.nl\/index.php\/wp-json\/wp\/v2\/tags?post=31368"}],"curies":[{"name":"wp","href":"https:\/\/api.w.org\/{rel}","templated":true}]}}