 {"id":8431,"date":"2018-06-03T21:43:04","date_gmt":"2018-06-03T19:43:04","guid":{"rendered":"http:\/\/vvnunspeet.nl\/?p=8431"},"modified":"2018-06-22T21:18:56","modified_gmt":"2018-06-22T19:18:56","slug":"jo13-1-winnaar-beker","status":"publish","type":"post","link":"https:\/\/vvnunspeet.nl\/index.php\/2018\/06\/03\/jo13-1-winnaar-beker\/","title":{"rendered":"JO13-1 winnaar Beker!"},"content":{"rendered":"<p>Zaterdagmorgen met de dubbeldeks bus richting Didam. Luuk de chauffeur stuurt behendig richting de snelweg. Binnen in de bus is de spanning voelbaar. Aangekomen worden we warm ontvangen door de organisatoren. We krijgen de oudste kleedkamer toe gewezen. Scheidsen zijn uiterst correct en vriendelijk. Complimenten!<\/p>\n<p>We overleggen over het spelen met rouwbanden ter nagedachtenis aan Zoher Shikho en uit respect voor het verdriet van de JO13-5. Zij hebben de vorige dag de begrafenis van hun ploeggenootje bijgewoond. Warming up en op naar het hoofdveld. Tegenstanders zijn al op het veld en we bekijken elkaar met respect. Hun spits is kolossaal maar naar bleek later uiterst vriendelijk. In de kleedkamer rust, maar ze willen ballen als een stel losgebroken paarden.<\/p>\n<p>Aftrap. Goede afspraken gemaakt en we hoopten op een vroege goal. Beste remedie tegen wedstrijdspanning. Het komt al in de 2\u2019 Sylvester Foppen, prachtige goal met overtuiging ingeschoten. Ontlading bij spelers, begeleiding en supporters. In de 9\u2019 wordt Luuk te enthousiast aangepakt in de 16 meter. Penalty. Ronny Huisman eist de bal op. Links naast de keeper. Vader Johan is erg betrokken met het team en heeft tranen in zijn ogen! Trots. De 23\u2019 minuut en op assist van Luuk de Graaf een goal van Sven Steinhauer. Met 0-3 de rust in. Wat wil je nog meer? Nou je wil Senne Maas onze intelligent spelende spits, op zoek naar een goal. Boem op voorzet Sven. Prachtig; 0-4 in de \u201927.<\/p>\n<p>Tweede helft. Wat gaat er gebeuren. Wat kan FC Zutphen nog uitrichten. E\u00e9n op \u00e9\u00e9n achterin? Boyz hebben er nog steeds zin in. Niet op jacht naar een goal, maar op zoek. We willen sowieso de 0 houden. We krijgen nog een aantal kansen. Tariku de Visser voor de goal naar al dat voorbereidende werk. Wordt die gast nooit moe? Buitenspel, goal afgekeurd. Sven dan nog een keer zelf in minuut 38. Samenspel met Mathijn Spijkerboer: 0-5. Waanzinnig.<\/p>\n<p><strong>Eindsignaal. De Dubbel! Ongelofelijk.<\/strong><\/p>\n<p>Een extra applaus voor Bas Mensink die hun voornaamste wapen in bedwang heeft weten te houden. Handen op elkaar voor de FC Zutphen. Spelers speelden fair tot de laatste minuut. <strong>RESPECT<\/strong>. Achterhoede weer de 0. Als dat goed staat kun je meer naar voren spelen. Meer risico nemen.<\/p>\n<p>Dank aan een ieder die bijgedragen heeft aan het succes van deze hechte groep. Van wedstrijdsecretariaat tot kleedkamer 4. Van kantine tot sponsoren. Zonder al deze vrijwilligers en voetballiefhebbers geen vereniging en geen resultaat.<\/p>\n<p>Familie Shikho en nabestaanden, bijzonder veel sterkte toegewenst in de komende tijd. Lief en Leed in 24 uur.<\/p>\n<p>Begeleiding JO13-1<\/p>\n<p><em>\u00a9 Niels Boersema | NBFotogafie<\/em><\/p>\n<!-- index.php -->\n<div\n\tclass=\"ngg-galleryoverview ngg-ajax-pagination-none\"\n\tid=\"ngg-gallery-9283da28b8df5328b85d498cc487bc42-1\">\n\n    \t<div class=\"slideshowlink\">\n        <a href='https:\/\/vvnunspeet.nl\/index.php\/2018\/06\/03\/jo13-1-winnaar-beker\/nggallery\/slideshow'>&#091;Diavoorstelling tonen&#093;<\/a>\n\t\t\n\t<\/div>\n\t\t\t<!-- Thumbnails -->\n\t\t\t\t<div id=\"ngg-image-0\" class=\"ngg-gallery-thumbnail-box\" >\n\t\t\t\t        <div class=\"ngg-gallery-thumbnail\">\n            <a href=\"https:\/\/vvnunspeet.nl\/wp-content\/gallery\/2018-06-02-bekerfinale-vv-nunspeet-o13-1-fc-zutphen-o13-1\/B027141.jpg\"\n               title=\"\"\n               data-src=\"https:\/\/vvnunspeet.nl\/wp-content\/gallery\/2018-06-02-bekerfinale-vv-nunspeet-o13-1-fc-zutphen-o13-1\/B027141.jpg\"\n               data-thumbnail=\"https:\/\/vvnunspeet.nl\/wp-content\/gallery\/2018-06-02-bekerfinale-vv-nunspeet-o13-1-fc-zutphen-o13-1\/thumbs\/thumbs_B027141.jpg\"\n               data-image-id=\"1552\"\n               data-title=\"_B027141\"\n               data-description=\"\"\n               data-image-slug=\"_b027141-1\"\n               class=\"ngg-fancybox\" rel=\"9283da28b8df5328b85d498cc487bc42\">\n                <img\n                    title=\"_B027141\"\n                    alt=\"_B027141\"\n                    src=\"https:\/\/vvnunspeet.nl\/wp-content\/gallery\/2018-06-02-bekerfinale-vv-nunspeet-o13-1-fc-zutphen-o13-1\/thumbs\/thumbs_B027141.jpg\"\n                    width=\"200\"\n                    height=\"133\"\n                    style=\"max-width:100%;\"\n                \/>\n            <\/a>\n        <\/div>\n\t\t\t\t\t\t\t<\/div> \n\t\t\t\n        \n\t\t\t\t<div id=\"ngg-image-1\" class=\"ngg-gallery-thumbnail-box\" >\n\t\t\t\t        <div class=\"ngg-gallery-thumbnail\">\n            <a href=\"https:\/\/vvnunspeet.nl\/wp-content\/gallery\/2018-06-02-bekerfinale-vv-nunspeet-o13-1-fc-zutphen-o13-1\/B027147.jpg\"\n               title=\"\"\n               data-src=\"https:\/\/vvnunspeet.nl\/wp-content\/gallery\/2018-06-02-bekerfinale-vv-nunspeet-o13-1-fc-zutphen-o13-1\/B027147.jpg\"\n               data-thumbnail=\"https:\/\/vvnunspeet.nl\/wp-content\/gallery\/2018-06-02-bekerfinale-vv-nunspeet-o13-1-fc-zutphen-o13-1\/thumbs\/thumbs_B027147.jpg\"\n               data-image-id=\"1553\"\n               data-title=\"_B027147\"\n               data-description=\"\"\n               data-image-slug=\"_b027147-1\"\n               class=\"ngg-fancybox\" rel=\"9283da28b8df5328b85d498cc487bc42\">\n                <img\n                    title=\"_B027147\"\n                    alt=\"_B027147\"\n                    src=\"https:\/\/vvnunspeet.nl\/wp-content\/gallery\/2018-06-02-bekerfinale-vv-nunspeet-o13-1-fc-zutphen-o13-1\/thumbs\/thumbs_B027147.jpg\"\n                    width=\"200\"\n                    height=\"133\"\n                    style=\"max-width:100%;\"\n                \/>\n            <\/a>\n        <\/div>\n\t\t\t\t\t\t\t<\/div> \n\t\t\t\n        \n\t\t\t\t<div id=\"ngg-image-2\" class=\"ngg-gallery-thumbnail-box\" >\n\t\t\t\t        <div class=\"ngg-gallery-thumbnail\">\n            <a href=\"https:\/\/vvnunspeet.nl\/wp-content\/gallery\/2018-06-02-bekerfinale-vv-nunspeet-o13-1-fc-zutphen-o13-1\/B027160.jpg\"\n               title=\"\"\n               data-src=\"https:\/\/vvnunspeet.nl\/wp-content\/gallery\/2018-06-02-bekerfinale-vv-nunspeet-o13-1-fc-zutphen-o13-1\/B027160.jpg\"\n               data-thumbnail=\"https:\/\/vvnunspeet.nl\/wp-content\/gallery\/2018-06-02-bekerfinale-vv-nunspeet-o13-1-fc-zutphen-o13-1\/thumbs\/thumbs_B027160.jpg\"\n               data-image-id=\"1554\"\n               data-title=\"_B027160\"\n               data-description=\"\"\n               data-image-slug=\"_b027160-1\"\n               class=\"ngg-fancybox\" rel=\"9283da28b8df5328b85d498cc487bc42\">\n                <img\n                    title=\"_B027160\"\n                    alt=\"_B027160\"\n                    src=\"https:\/\/vvnunspeet.nl\/wp-content\/gallery\/2018-06-02-bekerfinale-vv-nunspeet-o13-1-fc-zutphen-o13-1\/thumbs\/thumbs_B027160.jpg\"\n                    width=\"200\"\n                    height=\"133\"\n                    style=\"max-width:100%;\"\n                \/>\n            <\/a>\n        <\/div>\n\t\t\t\t\t\t\t<\/div> \n\t\t\t\n        \n\t\t\t\t<div id=\"ngg-image-3\" class=\"ngg-gallery-thumbnail-box\" >\n\t\t\t\t        <div class=\"ngg-gallery-thumbnail\">\n            <a href=\"https:\/\/vvnunspeet.nl\/wp-content\/gallery\/2018-06-02-bekerfinale-vv-nunspeet-o13-1-fc-zutphen-o13-1\/B027172.jpg\"\n               title=\"\"\n               data-src=\"https:\/\/vvnunspeet.nl\/wp-content\/gallery\/2018-06-02-bekerfinale-vv-nunspeet-o13-1-fc-zutphen-o13-1\/B027172.jpg\"\n               data-thumbnail=\"https:\/\/vvnunspeet.nl\/wp-content\/gallery\/2018-06-02-bekerfinale-vv-nunspeet-o13-1-fc-zutphen-o13-1\/thumbs\/thumbs_B027172.jpg\"\n               data-image-id=\"1555\"\n               data-title=\"_B027172\"\n               data-description=\"\"\n               data-image-slug=\"_b027172-1\"\n               class=\"ngg-fancybox\" rel=\"9283da28b8df5328b85d498cc487bc42\">\n                <img\n                    title=\"_B027172\"\n                    alt=\"_B027172\"\n                    src=\"https:\/\/vvnunspeet.nl\/wp-content\/gallery\/2018-06-02-bekerfinale-vv-nunspeet-o13-1-fc-zutphen-o13-1\/thumbs\/thumbs_B027172.jpg\"\n                    width=\"200\"\n                    height=\"133\"\n                    style=\"max-width:100%;\"\n                \/>\n            <\/a>\n        <\/div>\n\t\t\t\t\t\t\t<\/div> \n\t\t\t\n        \n\t\t\t\t<div id=\"ngg-image-4\" class=\"ngg-gallery-thumbnail-box\" >\n\t\t\t\t        <div class=\"ngg-gallery-thumbnail\">\n            <a href=\"https:\/\/vvnunspeet.nl\/wp-content\/gallery\/2018-06-02-bekerfinale-vv-nunspeet-o13-1-fc-zutphen-o13-1\/BO17589.jpg\"\n               title=\"\"\n               data-src=\"https:\/\/vvnunspeet.nl\/wp-content\/gallery\/2018-06-02-bekerfinale-vv-nunspeet-o13-1-fc-zutphen-o13-1\/BO17589.jpg\"\n               data-thumbnail=\"https:\/\/vvnunspeet.nl\/wp-content\/gallery\/2018-06-02-bekerfinale-vv-nunspeet-o13-1-fc-zutphen-o13-1\/thumbs\/thumbs_BO17589.jpg\"\n               data-image-id=\"1593\"\n               data-title=\"_BO17589\"\n               data-description=\"\"\n               data-image-slug=\"_bo17589-1\"\n               class=\"ngg-fancybox\" rel=\"9283da28b8df5328b85d498cc487bc42\">\n                <img\n                    title=\"_BO17589\"\n                    alt=\"_BO17589\"\n                    src=\"https:\/\/vvnunspeet.nl\/wp-content\/gallery\/2018-06-02-bekerfinale-vv-nunspeet-o13-1-fc-zutphen-o13-1\/thumbs\/thumbs_BO17589.jpg\"\n                    width=\"200\"\n                    height=\"133\"\n                    style=\"max-width:100%;\"\n                \/>\n            <\/a>\n        <\/div>\n\t\t\t\t\t\t\t<\/div> \n\t\t\t\n        \n\t\t\t\t<div id=\"ngg-image-5\" class=\"ngg-gallery-thumbnail-box\" >\n\t\t\t\t        <div class=\"ngg-gallery-thumbnail\">\n            <a href=\"https:\/\/vvnunspeet.nl\/wp-content\/gallery\/2018-06-02-bekerfinale-vv-nunspeet-o13-1-fc-zutphen-o13-1\/B027198.jpg\"\n               title=\"\"\n               data-src=\"https:\/\/vvnunspeet.nl\/wp-content\/gallery\/2018-06-02-bekerfinale-vv-nunspeet-o13-1-fc-zutphen-o13-1\/B027198.jpg\"\n               data-thumbnail=\"https:\/\/vvnunspeet.nl\/wp-content\/gallery\/2018-06-02-bekerfinale-vv-nunspeet-o13-1-fc-zutphen-o13-1\/thumbs\/thumbs_B027198.jpg\"\n               data-image-id=\"1556\"\n               data-title=\"_B027198\"\n               data-description=\"\"\n               data-image-slug=\"_b027198-1\"\n               class=\"ngg-fancybox\" rel=\"9283da28b8df5328b85d498cc487bc42\">\n                <img\n                    title=\"_B027198\"\n                    alt=\"_B027198\"\n                    src=\"https:\/\/vvnunspeet.nl\/wp-content\/gallery\/2018-06-02-bekerfinale-vv-nunspeet-o13-1-fc-zutphen-o13-1\/thumbs\/thumbs_B027198.jpg\"\n                    width=\"200\"\n                    height=\"133\"\n                    style=\"max-width:100%;\"\n                \/>\n            <\/a>\n        <\/div>\n\t\t\t\t\t\t\t<\/div> \n\t\t\t\n        \n\t\t\t\t<div id=\"ngg-image-6\" class=\"ngg-gallery-thumbnail-box\" >\n\t\t\t\t        <div class=\"ngg-gallery-thumbnail\">\n            <a href=\"https:\/\/vvnunspeet.nl\/wp-content\/gallery\/2018-06-02-bekerfinale-vv-nunspeet-o13-1-fc-zutphen-o13-1\/B027199.jpg\"\n               title=\"\"\n               data-src=\"https:\/\/vvnunspeet.nl\/wp-content\/gallery\/2018-06-02-bekerfinale-vv-nunspeet-o13-1-fc-zutphen-o13-1\/B027199.jpg\"\n               data-thumbnail=\"https:\/\/vvnunspeet.nl\/wp-content\/gallery\/2018-06-02-bekerfinale-vv-nunspeet-o13-1-fc-zutphen-o13-1\/thumbs\/thumbs_B027199.jpg\"\n               data-image-id=\"1557\"\n               data-title=\"_B027199\"\n               data-description=\"\"\n               data-image-slug=\"_b027199-1\"\n               class=\"ngg-fancybox\" rel=\"9283da28b8df5328b85d498cc487bc42\">\n                <img\n                    title=\"_B027199\"\n                    alt=\"_B027199\"\n                    src=\"https:\/\/vvnunspeet.nl\/wp-content\/gallery\/2018-06-02-bekerfinale-vv-nunspeet-o13-1-fc-zutphen-o13-1\/thumbs\/thumbs_B027199.jpg\"\n                    width=\"200\"\n                    height=\"133\"\n                    style=\"max-width:100%;\"\n                \/>\n            <\/a>\n        <\/div>\n\t\t\t\t\t\t\t<\/div> \n\t\t\t\n        \n\t\t\t\t<div id=\"ngg-image-7\" class=\"ngg-gallery-thumbnail-box\" >\n\t\t\t\t        <div class=\"ngg-gallery-thumbnail\">\n            <a href=\"https:\/\/vvnunspeet.nl\/wp-content\/gallery\/2018-06-02-bekerfinale-vv-nunspeet-o13-1-fc-zutphen-o13-1\/B027203.jpg\"\n               title=\"\"\n               data-src=\"https:\/\/vvnunspeet.nl\/wp-content\/gallery\/2018-06-02-bekerfinale-vv-nunspeet-o13-1-fc-zutphen-o13-1\/B027203.jpg\"\n               data-thumbnail=\"https:\/\/vvnunspeet.nl\/wp-content\/gallery\/2018-06-02-bekerfinale-vv-nunspeet-o13-1-fc-zutphen-o13-1\/thumbs\/thumbs_B027203.jpg\"\n               data-image-id=\"1558\"\n               data-title=\"_B027203\"\n               data-description=\"\"\n               data-image-slug=\"_b027203-1\"\n               class=\"ngg-fancybox\" rel=\"9283da28b8df5328b85d498cc487bc42\">\n                <img\n                    title=\"_B027203\"\n                    alt=\"_B027203\"\n                    src=\"https:\/\/vvnunspeet.nl\/wp-content\/gallery\/2018-06-02-bekerfinale-vv-nunspeet-o13-1-fc-zutphen-o13-1\/thumbs\/thumbs_B027203.jpg\"\n                    width=\"200\"\n                    height=\"133\"\n                    style=\"max-width:100%;\"\n                \/>\n            <\/a>\n        <\/div>\n\t\t\t\t\t\t\t<\/div> \n\t\t\t\n        \n\t\t\t\t<div id=\"ngg-image-8\" class=\"ngg-gallery-thumbnail-box\" >\n\t\t\t\t        <div class=\"ngg-gallery-thumbnail\">\n            <a href=\"https:\/\/vvnunspeet.nl\/wp-content\/gallery\/2018-06-02-bekerfinale-vv-nunspeet-o13-1-fc-zutphen-o13-1\/B027233.jpg\"\n               title=\"\"\n               data-src=\"https:\/\/vvnunspeet.nl\/wp-content\/gallery\/2018-06-02-bekerfinale-vv-nunspeet-o13-1-fc-zutphen-o13-1\/B027233.jpg\"\n               data-thumbnail=\"https:\/\/vvnunspeet.nl\/wp-content\/gallery\/2018-06-02-bekerfinale-vv-nunspeet-o13-1-fc-zutphen-o13-1\/thumbs\/thumbs_B027233.jpg\"\n               data-image-id=\"1559\"\n               data-title=\"_B027233\"\n               data-description=\"\"\n               data-image-slug=\"_b027233-1\"\n               class=\"ngg-fancybox\" rel=\"9283da28b8df5328b85d498cc487bc42\">\n                <img\n                    title=\"_B027233\"\n                    alt=\"_B027233\"\n                    src=\"https:\/\/vvnunspeet.nl\/wp-content\/gallery\/2018-06-02-bekerfinale-vv-nunspeet-o13-1-fc-zutphen-o13-1\/thumbs\/thumbs_B027233.jpg\"\n                    width=\"200\"\n                    height=\"133\"\n                    style=\"max-width:100%;\"\n                \/>\n            <\/a>\n        <\/div>\n\t\t\t\t\t\t\t<\/div> \n\t\t\t\n        \n\t\t\t\t<div id=\"ngg-image-9\" class=\"ngg-gallery-thumbnail-box\" >\n\t\t\t\t        <div class=\"ngg-gallery-thumbnail\">\n            <a href=\"https:\/\/vvnunspeet.nl\/wp-content\/gallery\/2018-06-02-bekerfinale-vv-nunspeet-o13-1-fc-zutphen-o13-1\/B027240.jpg\"\n               title=\"\"\n               data-src=\"https:\/\/vvnunspeet.nl\/wp-content\/gallery\/2018-06-02-bekerfinale-vv-nunspeet-o13-1-fc-zutphen-o13-1\/B027240.jpg\"\n               data-thumbnail=\"https:\/\/vvnunspeet.nl\/wp-content\/gallery\/2018-06-02-bekerfinale-vv-nunspeet-o13-1-fc-zutphen-o13-1\/thumbs\/thumbs_B027240.jpg\"\n               data-image-id=\"1560\"\n               data-title=\"_B027240\"\n               data-description=\"\"\n               data-image-slug=\"_b027240-1\"\n               class=\"ngg-fancybox\" rel=\"9283da28b8df5328b85d498cc487bc42\">\n                <img\n                    title=\"_B027240\"\n                    alt=\"_B027240\"\n                    src=\"https:\/\/vvnunspeet.nl\/wp-content\/gallery\/2018-06-02-bekerfinale-vv-nunspeet-o13-1-fc-zutphen-o13-1\/thumbs\/thumbs_B027240.jpg\"\n                    width=\"200\"\n                    height=\"133\"\n                    style=\"max-width:100%;\"\n                \/>\n            <\/a>\n        <\/div>\n\t\t\t\t\t\t\t<\/div> \n\t\t\t\n        \n\t\t\t\t<div id=\"ngg-image-10\" class=\"ngg-gallery-thumbnail-box\" >\n\t\t\t\t        <div class=\"ngg-gallery-thumbnail\">\n            <a href=\"https:\/\/vvnunspeet.nl\/wp-content\/gallery\/2018-06-02-bekerfinale-vv-nunspeet-o13-1-fc-zutphen-o13-1\/B027247.jpg\"\n               title=\"\"\n               data-src=\"https:\/\/vvnunspeet.nl\/wp-content\/gallery\/2018-06-02-bekerfinale-vv-nunspeet-o13-1-fc-zutphen-o13-1\/B027247.jpg\"\n               data-thumbnail=\"https:\/\/vvnunspeet.nl\/wp-content\/gallery\/2018-06-02-bekerfinale-vv-nunspeet-o13-1-fc-zutphen-o13-1\/thumbs\/thumbs_B027247.jpg\"\n               data-image-id=\"1561\"\n               data-title=\"_B027247\"\n               data-description=\"\"\n               data-image-slug=\"_b027247\"\n               class=\"ngg-fancybox\" rel=\"9283da28b8df5328b85d498cc487bc42\">\n                <img\n                    title=\"_B027247\"\n                    alt=\"_B027247\"\n                    src=\"https:\/\/vvnunspeet.nl\/wp-content\/gallery\/2018-06-02-bekerfinale-vv-nunspeet-o13-1-fc-zutphen-o13-1\/thumbs\/thumbs_B027247.jpg\"\n                    width=\"200\"\n                    height=\"133\"\n                    style=\"max-width:100%;\"\n                \/>\n            <\/a>\n        <\/div>\n\t\t\t\t\t\t\t<\/div> \n\t\t\t\n        \n\t\t\t\t<div id=\"ngg-image-11\" class=\"ngg-gallery-thumbnail-box\" >\n\t\t\t\t        <div class=\"ngg-gallery-thumbnail\">\n            <a href=\"https:\/\/vvnunspeet.nl\/wp-content\/gallery\/2018-06-02-bekerfinale-vv-nunspeet-o13-1-fc-zutphen-o13-1\/B027251.jpg\"\n               title=\"\"\n               data-src=\"https:\/\/vvnunspeet.nl\/wp-content\/gallery\/2018-06-02-bekerfinale-vv-nunspeet-o13-1-fc-zutphen-o13-1\/B027251.jpg\"\n               data-thumbnail=\"https:\/\/vvnunspeet.nl\/wp-content\/gallery\/2018-06-02-bekerfinale-vv-nunspeet-o13-1-fc-zutphen-o13-1\/thumbs\/thumbs_B027251.jpg\"\n               data-image-id=\"1562\"\n               data-title=\"_B027251\"\n               data-description=\"\"\n               data-image-slug=\"_b027251\"\n               class=\"ngg-fancybox\" rel=\"9283da28b8df5328b85d498cc487bc42\">\n                <img\n                    title=\"_B027251\"\n                    alt=\"_B027251\"\n                    src=\"https:\/\/vvnunspeet.nl\/wp-content\/gallery\/2018-06-02-bekerfinale-vv-nunspeet-o13-1-fc-zutphen-o13-1\/thumbs\/thumbs_B027251.jpg\"\n                    width=\"200\"\n                    height=\"133\"\n                    style=\"max-width:100%;\"\n                \/>\n            <\/a>\n        <\/div>\n\t\t\t\t\t\t\t<\/div> \n\t\t\t\n        \n\t\t\t\t<div id=\"ngg-image-12\" class=\"ngg-gallery-thumbnail-box\" >\n\t\t\t\t        <div class=\"ngg-gallery-thumbnail\">\n            <a href=\"https:\/\/vvnunspeet.nl\/wp-content\/gallery\/2018-06-02-bekerfinale-vv-nunspeet-o13-1-fc-zutphen-o13-1\/B027305.jpg\"\n               title=\"\"\n               data-src=\"https:\/\/vvnunspeet.nl\/wp-content\/gallery\/2018-06-02-bekerfinale-vv-nunspeet-o13-1-fc-zutphen-o13-1\/B027305.jpg\"\n               data-thumbnail=\"https:\/\/vvnunspeet.nl\/wp-content\/gallery\/2018-06-02-bekerfinale-vv-nunspeet-o13-1-fc-zutphen-o13-1\/thumbs\/thumbs_B027305.jpg\"\n               data-image-id=\"1563\"\n               data-title=\"_B027305\"\n               data-description=\"\"\n               data-image-slug=\"_b027305\"\n               class=\"ngg-fancybox\" rel=\"9283da28b8df5328b85d498cc487bc42\">\n                <img\n                    title=\"_B027305\"\n                    alt=\"_B027305\"\n                    src=\"https:\/\/vvnunspeet.nl\/wp-content\/gallery\/2018-06-02-bekerfinale-vv-nunspeet-o13-1-fc-zutphen-o13-1\/thumbs\/thumbs_B027305.jpg\"\n                    width=\"200\"\n                    height=\"133\"\n                    style=\"max-width:100%;\"\n                \/>\n            <\/a>\n        <\/div>\n\t\t\t\t\t\t\t<\/div> \n\t\t\t\n        \n\t\t\t\t<div id=\"ngg-image-13\" class=\"ngg-gallery-thumbnail-box\" >\n\t\t\t\t        <div class=\"ngg-gallery-thumbnail\">\n            <a href=\"https:\/\/vvnunspeet.nl\/wp-content\/gallery\/2018-06-02-bekerfinale-vv-nunspeet-o13-1-fc-zutphen-o13-1\/B027315.jpg\"\n               title=\"\"\n               data-src=\"https:\/\/vvnunspeet.nl\/wp-content\/gallery\/2018-06-02-bekerfinale-vv-nunspeet-o13-1-fc-zutphen-o13-1\/B027315.jpg\"\n               data-thumbnail=\"https:\/\/vvnunspeet.nl\/wp-content\/gallery\/2018-06-02-bekerfinale-vv-nunspeet-o13-1-fc-zutphen-o13-1\/thumbs\/thumbs_B027315.jpg\"\n               data-image-id=\"1564\"\n               data-title=\"_B027315\"\n               data-description=\"\"\n               data-image-slug=\"_b027315\"\n               class=\"ngg-fancybox\" rel=\"9283da28b8df5328b85d498cc487bc42\">\n                <img\n                    title=\"_B027315\"\n                    alt=\"_B027315\"\n                    src=\"https:\/\/vvnunspeet.nl\/wp-content\/gallery\/2018-06-02-bekerfinale-vv-nunspeet-o13-1-fc-zutphen-o13-1\/thumbs\/thumbs_B027315.jpg\"\n                    width=\"200\"\n                    height=\"133\"\n                    style=\"max-width:100%;\"\n                \/>\n            <\/a>\n        <\/div>\n\t\t\t\t\t\t\t<\/div> \n\t\t\t\n        \n\t\t\t\t<div id=\"ngg-image-14\" class=\"ngg-gallery-thumbnail-box\" >\n\t\t\t\t        <div class=\"ngg-gallery-thumbnail\">\n            <a href=\"https:\/\/vvnunspeet.nl\/wp-content\/gallery\/2018-06-02-bekerfinale-vv-nunspeet-o13-1-fc-zutphen-o13-1\/B027316.jpg\"\n               title=\"\"\n               data-src=\"https:\/\/vvnunspeet.nl\/wp-content\/gallery\/2018-06-02-bekerfinale-vv-nunspeet-o13-1-fc-zutphen-o13-1\/B027316.jpg\"\n               data-thumbnail=\"https:\/\/vvnunspeet.nl\/wp-content\/gallery\/2018-06-02-bekerfinale-vv-nunspeet-o13-1-fc-zutphen-o13-1\/thumbs\/thumbs_B027316.jpg\"\n               data-image-id=\"1565\"\n               data-title=\"_B027316\"\n               data-description=\"\"\n               data-image-slug=\"_b027316\"\n               class=\"ngg-fancybox\" rel=\"9283da28b8df5328b85d498cc487bc42\">\n                <img\n                    title=\"_B027316\"\n                    alt=\"_B027316\"\n                    src=\"https:\/\/vvnunspeet.nl\/wp-content\/gallery\/2018-06-02-bekerfinale-vv-nunspeet-o13-1-fc-zutphen-o13-1\/thumbs\/thumbs_B027316.jpg\"\n                    width=\"200\"\n                    height=\"133\"\n                    style=\"max-width:100%;\"\n                \/>\n            <\/a>\n        <\/div>\n\t\t\t\t\t\t\t<\/div> \n\t\t\t\n        \n\t\t\t\t<div id=\"ngg-image-15\" class=\"ngg-gallery-thumbnail-box\" >\n\t\t\t\t        <div class=\"ngg-gallery-thumbnail\">\n            <a href=\"https:\/\/vvnunspeet.nl\/wp-content\/gallery\/2018-06-02-bekerfinale-vv-nunspeet-o13-1-fc-zutphen-o13-1\/BO17646.jpg\"\n               title=\"\"\n               data-src=\"https:\/\/vvnunspeet.nl\/wp-content\/gallery\/2018-06-02-bekerfinale-vv-nunspeet-o13-1-fc-zutphen-o13-1\/BO17646.jpg\"\n               data-thumbnail=\"https:\/\/vvnunspeet.nl\/wp-content\/gallery\/2018-06-02-bekerfinale-vv-nunspeet-o13-1-fc-zutphen-o13-1\/thumbs\/thumbs_BO17646.jpg\"\n               data-image-id=\"1594\"\n               data-title=\"_BO17646\"\n               data-description=\"\"\n               data-image-slug=\"_bo17646\"\n               class=\"ngg-fancybox\" rel=\"9283da28b8df5328b85d498cc487bc42\">\n                <img\n                    title=\"_BO17646\"\n                    alt=\"_BO17646\"\n                    src=\"https:\/\/vvnunspeet.nl\/wp-content\/gallery\/2018-06-02-bekerfinale-vv-nunspeet-o13-1-fc-zutphen-o13-1\/thumbs\/thumbs_BO17646.jpg\"\n                    width=\"200\"\n                    height=\"133\"\n                    style=\"max-width:100%;\"\n                \/>\n            <\/a>\n        <\/div>\n\t\t\t\t\t\t\t<\/div> \n\t\t\t\n        \n\t\t\t\t<div id=\"ngg-image-16\" class=\"ngg-gallery-thumbnail-box\" >\n\t\t\t\t        <div class=\"ngg-gallery-thumbnail\">\n            <a href=\"https:\/\/vvnunspeet.nl\/wp-content\/gallery\/2018-06-02-bekerfinale-vv-nunspeet-o13-1-fc-zutphen-o13-1\/B027334.jpg\"\n               title=\"\"\n               data-src=\"https:\/\/vvnunspeet.nl\/wp-content\/gallery\/2018-06-02-bekerfinale-vv-nunspeet-o13-1-fc-zutphen-o13-1\/B027334.jpg\"\n               data-thumbnail=\"https:\/\/vvnunspeet.nl\/wp-content\/gallery\/2018-06-02-bekerfinale-vv-nunspeet-o13-1-fc-zutphen-o13-1\/thumbs\/thumbs_B027334.jpg\"\n               data-image-id=\"1566\"\n               data-title=\"_B027334\"\n               data-description=\"\"\n               data-image-slug=\"_b027334\"\n               class=\"ngg-fancybox\" rel=\"9283da28b8df5328b85d498cc487bc42\">\n                <img\n                    title=\"_B027334\"\n                    alt=\"_B027334\"\n                    src=\"https:\/\/vvnunspeet.nl\/wp-content\/gallery\/2018-06-02-bekerfinale-vv-nunspeet-o13-1-fc-zutphen-o13-1\/thumbs\/thumbs_B027334.jpg\"\n                    width=\"200\"\n                    height=\"133\"\n                    style=\"max-width:100%;\"\n                \/>\n            <\/a>\n        <\/div>\n\t\t\t\t\t\t\t<\/div> \n\t\t\t\n        \n\t\t\t\t<div id=\"ngg-image-17\" class=\"ngg-gallery-thumbnail-box\" >\n\t\t\t\t        <div class=\"ngg-gallery-thumbnail\">\n            <a href=\"https:\/\/vvnunspeet.nl\/wp-content\/gallery\/2018-06-02-bekerfinale-vv-nunspeet-o13-1-fc-zutphen-o13-1\/B027341.jpg\"\n               title=\"\"\n               data-src=\"https:\/\/vvnunspeet.nl\/wp-content\/gallery\/2018-06-02-bekerfinale-vv-nunspeet-o13-1-fc-zutphen-o13-1\/B027341.jpg\"\n               data-thumbnail=\"https:\/\/vvnunspeet.nl\/wp-content\/gallery\/2018-06-02-bekerfinale-vv-nunspeet-o13-1-fc-zutphen-o13-1\/thumbs\/thumbs_B027341.jpg\"\n               data-image-id=\"1567\"\n               data-title=\"_B027341\"\n               data-description=\"\"\n               data-image-slug=\"_b027341\"\n               class=\"ngg-fancybox\" rel=\"9283da28b8df5328b85d498cc487bc42\">\n                <img\n                    title=\"_B027341\"\n                    alt=\"_B027341\"\n                    src=\"https:\/\/vvnunspeet.nl\/wp-content\/gallery\/2018-06-02-bekerfinale-vv-nunspeet-o13-1-fc-zutphen-o13-1\/thumbs\/thumbs_B027341.jpg\"\n                    width=\"200\"\n                    height=\"133\"\n                    style=\"max-width:100%;\"\n                \/>\n            <\/a>\n        <\/div>\n\t\t\t\t\t\t\t<\/div> \n\t\t\t\n        \n\t\t\t\t<div id=\"ngg-image-18\" class=\"ngg-gallery-thumbnail-box\" >\n\t\t\t\t        <div class=\"ngg-gallery-thumbnail\">\n            <a href=\"https:\/\/vvnunspeet.nl\/wp-content\/gallery\/2018-06-02-bekerfinale-vv-nunspeet-o13-1-fc-zutphen-o13-1\/B027349.jpg\"\n               title=\"\"\n               data-src=\"https:\/\/vvnunspeet.nl\/wp-content\/gallery\/2018-06-02-bekerfinale-vv-nunspeet-o13-1-fc-zutphen-o13-1\/B027349.jpg\"\n               data-thumbnail=\"https:\/\/vvnunspeet.nl\/wp-content\/gallery\/2018-06-02-bekerfinale-vv-nunspeet-o13-1-fc-zutphen-o13-1\/thumbs\/thumbs_B027349.jpg\"\n               data-image-id=\"1568\"\n               data-title=\"_B027349\"\n               data-description=\"\"\n               data-image-slug=\"_b027349\"\n               class=\"ngg-fancybox\" rel=\"9283da28b8df5328b85d498cc487bc42\">\n                <img\n                    title=\"_B027349\"\n                    alt=\"_B027349\"\n                    src=\"https:\/\/vvnunspeet.nl\/wp-content\/gallery\/2018-06-02-bekerfinale-vv-nunspeet-o13-1-fc-zutphen-o13-1\/thumbs\/thumbs_B027349.jpg\"\n                    width=\"200\"\n                    height=\"133\"\n                    style=\"max-width:100%;\"\n                \/>\n            <\/a>\n        <\/div>\n\t\t\t\t\t\t\t<\/div> \n\t\t\t\n        \n\t\t\t\t<div id=\"ngg-image-19\" class=\"ngg-gallery-thumbnail-box\" >\n\t\t\t\t        <div class=\"ngg-gallery-thumbnail\">\n            <a href=\"https:\/\/vvnunspeet.nl\/wp-content\/gallery\/2018-06-02-bekerfinale-vv-nunspeet-o13-1-fc-zutphen-o13-1\/B027358.jpg\"\n               title=\"\"\n               data-src=\"https:\/\/vvnunspeet.nl\/wp-content\/gallery\/2018-06-02-bekerfinale-vv-nunspeet-o13-1-fc-zutphen-o13-1\/B027358.jpg\"\n               data-thumbnail=\"https:\/\/vvnunspeet.nl\/wp-content\/gallery\/2018-06-02-bekerfinale-vv-nunspeet-o13-1-fc-zutphen-o13-1\/thumbs\/thumbs_B027358.jpg\"\n               data-image-id=\"1569\"\n               data-title=\"_B027358\"\n               data-description=\"\"\n               data-image-slug=\"_b027358\"\n               class=\"ngg-fancybox\" rel=\"9283da28b8df5328b85d498cc487bc42\">\n                <img\n                    title=\"_B027358\"\n                    alt=\"_B027358\"\n                    src=\"https:\/\/vvnunspeet.nl\/wp-content\/gallery\/2018-06-02-bekerfinale-vv-nunspeet-o13-1-fc-zutphen-o13-1\/thumbs\/thumbs_B027358.jpg\"\n                    width=\"200\"\n                    height=\"133\"\n                    style=\"max-width:100%;\"\n                \/>\n            <\/a>\n        <\/div>\n\t\t\t\t\t\t\t<\/div> \n\t\t\t\n        \n\t\t\t\t<div id=\"ngg-image-20\" class=\"ngg-gallery-thumbnail-box\" >\n\t\t\t\t        <div class=\"ngg-gallery-thumbnail\">\n            <a href=\"https:\/\/vvnunspeet.nl\/wp-content\/gallery\/2018-06-02-bekerfinale-vv-nunspeet-o13-1-fc-zutphen-o13-1\/BO17697.jpg\"\n               title=\"\"\n               data-src=\"https:\/\/vvnunspeet.nl\/wp-content\/gallery\/2018-06-02-bekerfinale-vv-nunspeet-o13-1-fc-zutphen-o13-1\/BO17697.jpg\"\n               data-thumbnail=\"https:\/\/vvnunspeet.nl\/wp-content\/gallery\/2018-06-02-bekerfinale-vv-nunspeet-o13-1-fc-zutphen-o13-1\/thumbs\/thumbs_BO17697.jpg\"\n               data-image-id=\"1595\"\n               data-title=\"_BO17697\"\n               data-description=\"\"\n               data-image-slug=\"_bo17697\"\n               class=\"ngg-fancybox\" rel=\"9283da28b8df5328b85d498cc487bc42\">\n                <img\n                    title=\"_BO17697\"\n                    alt=\"_BO17697\"\n                    src=\"https:\/\/vvnunspeet.nl\/wp-content\/gallery\/2018-06-02-bekerfinale-vv-nunspeet-o13-1-fc-zutphen-o13-1\/thumbs\/thumbs_BO17697.jpg\"\n                    width=\"200\"\n                    height=\"133\"\n                    style=\"max-width:100%;\"\n                \/>\n            <\/a>\n        <\/div>\n\t\t\t\t\t\t\t<\/div> \n\t\t\t\n        \n\t\t\t\t<div id=\"ngg-image-21\" class=\"ngg-gallery-thumbnail-box\" >\n\t\t\t\t        <div class=\"ngg-gallery-thumbnail\">\n            <a href=\"https:\/\/vvnunspeet.nl\/wp-content\/gallery\/2018-06-02-bekerfinale-vv-nunspeet-o13-1-fc-zutphen-o13-1\/BO17746.jpg\"\n               title=\"\"\n               data-src=\"https:\/\/vvnunspeet.nl\/wp-content\/gallery\/2018-06-02-bekerfinale-vv-nunspeet-o13-1-fc-zutphen-o13-1\/BO17746.jpg\"\n               data-thumbnail=\"https:\/\/vvnunspeet.nl\/wp-content\/gallery\/2018-06-02-bekerfinale-vv-nunspeet-o13-1-fc-zutphen-o13-1\/thumbs\/thumbs_BO17746.jpg\"\n               data-image-id=\"1596\"\n               data-title=\"_BO17746\"\n               data-description=\"\"\n               data-image-slug=\"_bo17746\"\n               class=\"ngg-fancybox\" rel=\"9283da28b8df5328b85d498cc487bc42\">\n                <img\n                    title=\"_BO17746\"\n                    alt=\"_BO17746\"\n                    src=\"https:\/\/vvnunspeet.nl\/wp-content\/gallery\/2018-06-02-bekerfinale-vv-nunspeet-o13-1-fc-zutphen-o13-1\/thumbs\/thumbs_BO17746.jpg\"\n                    width=\"200\"\n                    height=\"133\"\n                    style=\"max-width:100%;\"\n                \/>\n            <\/a>\n        <\/div>\n\t\t\t\t\t\t\t<\/div> \n\t\t\t\n        \n\t\t\t\t<div id=\"ngg-image-22\" class=\"ngg-gallery-thumbnail-box\" >\n\t\t\t\t        <div class=\"ngg-gallery-thumbnail\">\n            <a href=\"https:\/\/vvnunspeet.nl\/wp-content\/gallery\/2018-06-02-bekerfinale-vv-nunspeet-o13-1-fc-zutphen-o13-1\/B027373.jpg\"\n               title=\"\"\n               data-src=\"https:\/\/vvnunspeet.nl\/wp-content\/gallery\/2018-06-02-bekerfinale-vv-nunspeet-o13-1-fc-zutphen-o13-1\/B027373.jpg\"\n               data-thumbnail=\"https:\/\/vvnunspeet.nl\/wp-content\/gallery\/2018-06-02-bekerfinale-vv-nunspeet-o13-1-fc-zutphen-o13-1\/thumbs\/thumbs_B027373.jpg\"\n               data-image-id=\"1570\"\n               data-title=\"_B027373\"\n               data-description=\"\"\n               data-image-slug=\"_b027373\"\n               class=\"ngg-fancybox\" rel=\"9283da28b8df5328b85d498cc487bc42\">\n                <img\n                    title=\"_B027373\"\n                    alt=\"_B027373\"\n                    src=\"https:\/\/vvnunspeet.nl\/wp-content\/gallery\/2018-06-02-bekerfinale-vv-nunspeet-o13-1-fc-zutphen-o13-1\/thumbs\/thumbs_B027373.jpg\"\n                    width=\"200\"\n                    height=\"133\"\n                    style=\"max-width:100%;\"\n                \/>\n            <\/a>\n        <\/div>\n\t\t\t\t\t\t\t<\/div> \n\t\t\t\n        \n\t\t\t\t<div id=\"ngg-image-23\" class=\"ngg-gallery-thumbnail-box\" >\n\t\t\t\t        <div class=\"ngg-gallery-thumbnail\">\n            <a href=\"https:\/\/vvnunspeet.nl\/wp-content\/gallery\/2018-06-02-bekerfinale-vv-nunspeet-o13-1-fc-zutphen-o13-1\/B027375.jpg\"\n               title=\"\"\n               data-src=\"https:\/\/vvnunspeet.nl\/wp-content\/gallery\/2018-06-02-bekerfinale-vv-nunspeet-o13-1-fc-zutphen-o13-1\/B027375.jpg\"\n               data-thumbnail=\"https:\/\/vvnunspeet.nl\/wp-content\/gallery\/2018-06-02-bekerfinale-vv-nunspeet-o13-1-fc-zutphen-o13-1\/thumbs\/thumbs_B027375.jpg\"\n               data-image-id=\"1571\"\n               data-title=\"_B027375\"\n               data-description=\"\"\n               data-image-slug=\"_b027375\"\n               class=\"ngg-fancybox\" rel=\"9283da28b8df5328b85d498cc487bc42\">\n                <img\n                    title=\"_B027375\"\n                    alt=\"_B027375\"\n                    src=\"https:\/\/vvnunspeet.nl\/wp-content\/gallery\/2018-06-02-bekerfinale-vv-nunspeet-o13-1-fc-zutphen-o13-1\/thumbs\/thumbs_B027375.jpg\"\n                    width=\"200\"\n                    height=\"133\"\n                    style=\"max-width:100%;\"\n                \/>\n            <\/a>\n        <\/div>\n\t\t\t\t\t\t\t<\/div> \n\t\t\t\n        \n\t\t\t\t<div id=\"ngg-image-24\" class=\"ngg-gallery-thumbnail-box\" >\n\t\t\t\t        <div class=\"ngg-gallery-thumbnail\">\n            <a href=\"https:\/\/vvnunspeet.nl\/wp-content\/gallery\/2018-06-02-bekerfinale-vv-nunspeet-o13-1-fc-zutphen-o13-1\/B027389.jpg\"\n               title=\"\"\n               data-src=\"https:\/\/vvnunspeet.nl\/wp-content\/gallery\/2018-06-02-bekerfinale-vv-nunspeet-o13-1-fc-zutphen-o13-1\/B027389.jpg\"\n               data-thumbnail=\"https:\/\/vvnunspeet.nl\/wp-content\/gallery\/2018-06-02-bekerfinale-vv-nunspeet-o13-1-fc-zutphen-o13-1\/thumbs\/thumbs_B027389.jpg\"\n               data-image-id=\"1572\"\n               data-title=\"_B027389\"\n               data-description=\"\"\n               data-image-slug=\"_b027389\"\n               class=\"ngg-fancybox\" rel=\"9283da28b8df5328b85d498cc487bc42\">\n                <img\n                    title=\"_B027389\"\n                    alt=\"_B027389\"\n                    src=\"https:\/\/vvnunspeet.nl\/wp-content\/gallery\/2018-06-02-bekerfinale-vv-nunspeet-o13-1-fc-zutphen-o13-1\/thumbs\/thumbs_B027389.jpg\"\n                    width=\"200\"\n                    height=\"133\"\n                    style=\"max-width:100%;\"\n                \/>\n            <\/a>\n        <\/div>\n\t\t\t\t\t\t\t<\/div> \n\t\t\t\n        \n\t\t\t\t<div id=\"ngg-image-25\" class=\"ngg-gallery-thumbnail-box\" >\n\t\t\t\t        <div class=\"ngg-gallery-thumbnail\">\n            <a href=\"https:\/\/vvnunspeet.nl\/wp-content\/gallery\/2018-06-02-bekerfinale-vv-nunspeet-o13-1-fc-zutphen-o13-1\/B027399.jpg\"\n               title=\"\"\n               data-src=\"https:\/\/vvnunspeet.nl\/wp-content\/gallery\/2018-06-02-bekerfinale-vv-nunspeet-o13-1-fc-zutphen-o13-1\/B027399.jpg\"\n               data-thumbnail=\"https:\/\/vvnunspeet.nl\/wp-content\/gallery\/2018-06-02-bekerfinale-vv-nunspeet-o13-1-fc-zutphen-o13-1\/thumbs\/thumbs_B027399.jpg\"\n               data-image-id=\"1573\"\n               data-title=\"_B027399\"\n               data-description=\"\"\n               data-image-slug=\"_b027399\"\n               class=\"ngg-fancybox\" rel=\"9283da28b8df5328b85d498cc487bc42\">\n                <img\n                    title=\"_B027399\"\n                    alt=\"_B027399\"\n                    src=\"https:\/\/vvnunspeet.nl\/wp-content\/gallery\/2018-06-02-bekerfinale-vv-nunspeet-o13-1-fc-zutphen-o13-1\/thumbs\/thumbs_B027399.jpg\"\n                    width=\"200\"\n                    height=\"133\"\n                    style=\"max-width:100%;\"\n                \/>\n            <\/a>\n        <\/div>\n\t\t\t\t\t\t\t<\/div> \n\t\t\t\n        \n\t\t\t\t<div id=\"ngg-image-26\" class=\"ngg-gallery-thumbnail-box\" >\n\t\t\t\t        <div class=\"ngg-gallery-thumbnail\">\n            <a href=\"https:\/\/vvnunspeet.nl\/wp-content\/gallery\/2018-06-02-bekerfinale-vv-nunspeet-o13-1-fc-zutphen-o13-1\/BO17761.jpg\"\n               title=\"\"\n               data-src=\"https:\/\/vvnunspeet.nl\/wp-content\/gallery\/2018-06-02-bekerfinale-vv-nunspeet-o13-1-fc-zutphen-o13-1\/BO17761.jpg\"\n               data-thumbnail=\"https:\/\/vvnunspeet.nl\/wp-content\/gallery\/2018-06-02-bekerfinale-vv-nunspeet-o13-1-fc-zutphen-o13-1\/thumbs\/thumbs_BO17761.jpg\"\n               data-image-id=\"1597\"\n               data-title=\"_BO17761\"\n               data-description=\"\"\n               data-image-slug=\"_bo17761-1\"\n               class=\"ngg-fancybox\" rel=\"9283da28b8df5328b85d498cc487bc42\">\n                <img\n                    title=\"_BO17761\"\n                    alt=\"_BO17761\"\n                    src=\"https:\/\/vvnunspeet.nl\/wp-content\/gallery\/2018-06-02-bekerfinale-vv-nunspeet-o13-1-fc-zutphen-o13-1\/thumbs\/thumbs_BO17761.jpg\"\n                    width=\"200\"\n                    height=\"133\"\n                    style=\"max-width:100%;\"\n                \/>\n            <\/a>\n        <\/div>\n\t\t\t\t\t\t\t<\/div> \n\t\t\t\n        \n\t\t\t\t<div id=\"ngg-image-27\" class=\"ngg-gallery-thumbnail-box\" >\n\t\t\t\t        <div class=\"ngg-gallery-thumbnail\">\n            <a href=\"https:\/\/vvnunspeet.nl\/wp-content\/gallery\/2018-06-02-bekerfinale-vv-nunspeet-o13-1-fc-zutphen-o13-1\/BO17819.jpg\"\n               title=\"\"\n               data-src=\"https:\/\/vvnunspeet.nl\/wp-content\/gallery\/2018-06-02-bekerfinale-vv-nunspeet-o13-1-fc-zutphen-o13-1\/BO17819.jpg\"\n               data-thumbnail=\"https:\/\/vvnunspeet.nl\/wp-content\/gallery\/2018-06-02-bekerfinale-vv-nunspeet-o13-1-fc-zutphen-o13-1\/thumbs\/thumbs_BO17819.jpg\"\n               data-image-id=\"1598\"\n               data-title=\"_BO17819\"\n               data-description=\"\"\n               data-image-slug=\"_bo17819\"\n               class=\"ngg-fancybox\" rel=\"9283da28b8df5328b85d498cc487bc42\">\n                <img\n                    title=\"_BO17819\"\n                    alt=\"_BO17819\"\n                    src=\"https:\/\/vvnunspeet.nl\/wp-content\/gallery\/2018-06-02-bekerfinale-vv-nunspeet-o13-1-fc-zutphen-o13-1\/thumbs\/thumbs_BO17819.jpg\"\n                    width=\"200\"\n                    height=\"133\"\n                    style=\"max-width:100%;\"\n                \/>\n            <\/a>\n        <\/div>\n\t\t\t\t\t\t\t<\/div> \n\t\t\t\n        \n\t\t\t\t<div id=\"ngg-image-28\" class=\"ngg-gallery-thumbnail-box\" >\n\t\t\t\t        <div class=\"ngg-gallery-thumbnail\">\n            <a href=\"https:\/\/vvnunspeet.nl\/wp-content\/gallery\/2018-06-02-bekerfinale-vv-nunspeet-o13-1-fc-zutphen-o13-1\/BO17849.jpg\"\n               title=\"\"\n               data-src=\"https:\/\/vvnunspeet.nl\/wp-content\/gallery\/2018-06-02-bekerfinale-vv-nunspeet-o13-1-fc-zutphen-o13-1\/BO17849.jpg\"\n               data-thumbnail=\"https:\/\/vvnunspeet.nl\/wp-content\/gallery\/2018-06-02-bekerfinale-vv-nunspeet-o13-1-fc-zutphen-o13-1\/thumbs\/thumbs_BO17849.jpg\"\n               data-image-id=\"1599\"\n               data-title=\"_BO17849\"\n               data-description=\"\"\n               data-image-slug=\"_bo17849-1\"\n               class=\"ngg-fancybox\" rel=\"9283da28b8df5328b85d498cc487bc42\">\n                <img\n                    title=\"_BO17849\"\n                    alt=\"_BO17849\"\n                    src=\"https:\/\/vvnunspeet.nl\/wp-content\/gallery\/2018-06-02-bekerfinale-vv-nunspeet-o13-1-fc-zutphen-o13-1\/thumbs\/thumbs_BO17849.jpg\"\n                    width=\"200\"\n                    height=\"133\"\n                    style=\"max-width:100%;\"\n                \/>\n            <\/a>\n        <\/div>\n\t\t\t\t\t\t\t<\/div> \n\t\t\t\n        \n\t\t\t\t<div id=\"ngg-image-29\" class=\"ngg-gallery-thumbnail-box\" >\n\t\t\t\t        <div class=\"ngg-gallery-thumbnail\">\n            <a href=\"https:\/\/vvnunspeet.nl\/wp-content\/gallery\/2018-06-02-bekerfinale-vv-nunspeet-o13-1-fc-zutphen-o13-1\/BO17854.jpg\"\n               title=\"\"\n               data-src=\"https:\/\/vvnunspeet.nl\/wp-content\/gallery\/2018-06-02-bekerfinale-vv-nunspeet-o13-1-fc-zutphen-o13-1\/BO17854.jpg\"\n               data-thumbnail=\"https:\/\/vvnunspeet.nl\/wp-content\/gallery\/2018-06-02-bekerfinale-vv-nunspeet-o13-1-fc-zutphen-o13-1\/thumbs\/thumbs_BO17854.jpg\"\n               data-image-id=\"1600\"\n               data-title=\"_BO17854\"\n               data-description=\"\"\n               data-image-slug=\"_bo17854\"\n               class=\"ngg-fancybox\" rel=\"9283da28b8df5328b85d498cc487bc42\">\n                <img\n                    title=\"_BO17854\"\n                    alt=\"_BO17854\"\n                    src=\"https:\/\/vvnunspeet.nl\/wp-content\/gallery\/2018-06-02-bekerfinale-vv-nunspeet-o13-1-fc-zutphen-o13-1\/thumbs\/thumbs_BO17854.jpg\"\n                    width=\"200\"\n                    height=\"133\"\n                    style=\"max-width:100%;\"\n                \/>\n            <\/a>\n        <\/div>\n\t\t\t\t\t\t\t<\/div> \n\t\t\t\n        \n\t\t\t\t<div id=\"ngg-image-30\" class=\"ngg-gallery-thumbnail-box\" >\n\t\t\t\t        <div class=\"ngg-gallery-thumbnail\">\n            <a href=\"https:\/\/vvnunspeet.nl\/wp-content\/gallery\/2018-06-02-bekerfinale-vv-nunspeet-o13-1-fc-zutphen-o13-1\/B027417.jpg\"\n               title=\"\"\n               data-src=\"https:\/\/vvnunspeet.nl\/wp-content\/gallery\/2018-06-02-bekerfinale-vv-nunspeet-o13-1-fc-zutphen-o13-1\/B027417.jpg\"\n               data-thumbnail=\"https:\/\/vvnunspeet.nl\/wp-content\/gallery\/2018-06-02-bekerfinale-vv-nunspeet-o13-1-fc-zutphen-o13-1\/thumbs\/thumbs_B027417.jpg\"\n               data-image-id=\"1574\"\n               data-title=\"_B027417\"\n               data-description=\"\"\n               data-image-slug=\"_b027417\"\n               class=\"ngg-fancybox\" rel=\"9283da28b8df5328b85d498cc487bc42\">\n                <img\n                    title=\"_B027417\"\n                    alt=\"_B027417\"\n                    src=\"https:\/\/vvnunspeet.nl\/wp-content\/gallery\/2018-06-02-bekerfinale-vv-nunspeet-o13-1-fc-zutphen-o13-1\/thumbs\/thumbs_B027417.jpg\"\n                    width=\"200\"\n                    height=\"133\"\n                    style=\"max-width:100%;\"\n                \/>\n            <\/a>\n        <\/div>\n\t\t\t\t\t\t\t<\/div> \n\t\t\t\n        \n\t\t\t\t<div id=\"ngg-image-31\" class=\"ngg-gallery-thumbnail-box\" >\n\t\t\t\t        <div class=\"ngg-gallery-thumbnail\">\n            <a href=\"https:\/\/vvnunspeet.nl\/wp-content\/gallery\/2018-06-02-bekerfinale-vv-nunspeet-o13-1-fc-zutphen-o13-1\/B027442.jpg\"\n               title=\"\"\n               data-src=\"https:\/\/vvnunspeet.nl\/wp-content\/gallery\/2018-06-02-bekerfinale-vv-nunspeet-o13-1-fc-zutphen-o13-1\/B027442.jpg\"\n               data-thumbnail=\"https:\/\/vvnunspeet.nl\/wp-content\/gallery\/2018-06-02-bekerfinale-vv-nunspeet-o13-1-fc-zutphen-o13-1\/thumbs\/thumbs_B027442.jpg\"\n               data-image-id=\"1575\"\n               data-title=\"_B027442\"\n               data-description=\"\"\n               data-image-slug=\"_b027442\"\n               class=\"ngg-fancybox\" rel=\"9283da28b8df5328b85d498cc487bc42\">\n                <img\n                    title=\"_B027442\"\n                    alt=\"_B027442\"\n                    src=\"https:\/\/vvnunspeet.nl\/wp-content\/gallery\/2018-06-02-bekerfinale-vv-nunspeet-o13-1-fc-zutphen-o13-1\/thumbs\/thumbs_B027442.jpg\"\n                    width=\"200\"\n                    height=\"133\"\n                    style=\"max-width:100%;\"\n                \/>\n            <\/a>\n        <\/div>\n\t\t\t\t\t\t\t<\/div> \n\t\t\t\n        \n\t\t\t\t<div id=\"ngg-image-32\" class=\"ngg-gallery-thumbnail-box\" >\n\t\t\t\t        <div class=\"ngg-gallery-thumbnail\">\n            <a href=\"https:\/\/vvnunspeet.nl\/wp-content\/gallery\/2018-06-02-bekerfinale-vv-nunspeet-o13-1-fc-zutphen-o13-1\/B027443.jpg\"\n               title=\"\"\n               data-src=\"https:\/\/vvnunspeet.nl\/wp-content\/gallery\/2018-06-02-bekerfinale-vv-nunspeet-o13-1-fc-zutphen-o13-1\/B027443.jpg\"\n               data-thumbnail=\"https:\/\/vvnunspeet.nl\/wp-content\/gallery\/2018-06-02-bekerfinale-vv-nunspeet-o13-1-fc-zutphen-o13-1\/thumbs\/thumbs_B027443.jpg\"\n               data-image-id=\"1576\"\n               data-title=\"_B027443\"\n               data-description=\"\"\n               data-image-slug=\"_b027443\"\n               class=\"ngg-fancybox\" rel=\"9283da28b8df5328b85d498cc487bc42\">\n                <img\n                    title=\"_B027443\"\n                    alt=\"_B027443\"\n                    src=\"https:\/\/vvnunspeet.nl\/wp-content\/gallery\/2018-06-02-bekerfinale-vv-nunspeet-o13-1-fc-zutphen-o13-1\/thumbs\/thumbs_B027443.jpg\"\n                    width=\"200\"\n                    height=\"133\"\n                    style=\"max-width:100%;\"\n                \/>\n            <\/a>\n        <\/div>\n\t\t\t\t\t\t\t<\/div> \n\t\t\t\n        \n\t\t\t\t<div id=\"ngg-image-33\" class=\"ngg-gallery-thumbnail-box\" >\n\t\t\t\t        <div class=\"ngg-gallery-thumbnail\">\n            <a href=\"https:\/\/vvnunspeet.nl\/wp-content\/gallery\/2018-06-02-bekerfinale-vv-nunspeet-o13-1-fc-zutphen-o13-1\/B027447.jpg\"\n               title=\"\"\n               data-src=\"https:\/\/vvnunspeet.nl\/wp-content\/gallery\/2018-06-02-bekerfinale-vv-nunspeet-o13-1-fc-zutphen-o13-1\/B027447.jpg\"\n               data-thumbnail=\"https:\/\/vvnunspeet.nl\/wp-content\/gallery\/2018-06-02-bekerfinale-vv-nunspeet-o13-1-fc-zutphen-o13-1\/thumbs\/thumbs_B027447.jpg\"\n               data-image-id=\"1577\"\n               data-title=\"_B027447\"\n               data-description=\"\"\n               data-image-slug=\"_b027447\"\n               class=\"ngg-fancybox\" rel=\"9283da28b8df5328b85d498cc487bc42\">\n                <img\n                    title=\"_B027447\"\n                    alt=\"_B027447\"\n                    src=\"https:\/\/vvnunspeet.nl\/wp-content\/gallery\/2018-06-02-bekerfinale-vv-nunspeet-o13-1-fc-zutphen-o13-1\/thumbs\/thumbs_B027447.jpg\"\n                    width=\"200\"\n                    height=\"133\"\n                    style=\"max-width:100%;\"\n                \/>\n            <\/a>\n        <\/div>\n\t\t\t\t\t\t\t<\/div> \n\t\t\t\n        \n\t\t\t\t<div id=\"ngg-image-34\" class=\"ngg-gallery-thumbnail-box\" >\n\t\t\t\t        <div class=\"ngg-gallery-thumbnail\">\n            <a href=\"https:\/\/vvnunspeet.nl\/wp-content\/gallery\/2018-06-02-bekerfinale-vv-nunspeet-o13-1-fc-zutphen-o13-1\/B027455.jpg\"\n               title=\"\"\n               data-src=\"https:\/\/vvnunspeet.nl\/wp-content\/gallery\/2018-06-02-bekerfinale-vv-nunspeet-o13-1-fc-zutphen-o13-1\/B027455.jpg\"\n               data-thumbnail=\"https:\/\/vvnunspeet.nl\/wp-content\/gallery\/2018-06-02-bekerfinale-vv-nunspeet-o13-1-fc-zutphen-o13-1\/thumbs\/thumbs_B027455.jpg\"\n               data-image-id=\"1578\"\n               data-title=\"_B027455\"\n               data-description=\"\"\n               data-image-slug=\"_b027455\"\n               class=\"ngg-fancybox\" rel=\"9283da28b8df5328b85d498cc487bc42\">\n                <img\n                    title=\"_B027455\"\n                    alt=\"_B027455\"\n                    src=\"https:\/\/vvnunspeet.nl\/wp-content\/gallery\/2018-06-02-bekerfinale-vv-nunspeet-o13-1-fc-zutphen-o13-1\/thumbs\/thumbs_B027455.jpg\"\n                    width=\"200\"\n                    height=\"133\"\n                    style=\"max-width:100%;\"\n                \/>\n            <\/a>\n        <\/div>\n\t\t\t\t\t\t\t<\/div> \n\t\t\t\n        \n\t\t\t\t<div id=\"ngg-image-35\" class=\"ngg-gallery-thumbnail-box\" >\n\t\t\t\t        <div class=\"ngg-gallery-thumbnail\">\n            <a href=\"https:\/\/vvnunspeet.nl\/wp-content\/gallery\/2018-06-02-bekerfinale-vv-nunspeet-o13-1-fc-zutphen-o13-1\/B027464.jpg\"\n               title=\"\"\n               data-src=\"https:\/\/vvnunspeet.nl\/wp-content\/gallery\/2018-06-02-bekerfinale-vv-nunspeet-o13-1-fc-zutphen-o13-1\/B027464.jpg\"\n               data-thumbnail=\"https:\/\/vvnunspeet.nl\/wp-content\/gallery\/2018-06-02-bekerfinale-vv-nunspeet-o13-1-fc-zutphen-o13-1\/thumbs\/thumbs_B027464.jpg\"\n               data-image-id=\"1579\"\n               data-title=\"_B027464\"\n               data-description=\"\"\n               data-image-slug=\"_b027464\"\n               class=\"ngg-fancybox\" rel=\"9283da28b8df5328b85d498cc487bc42\">\n                <img\n                    title=\"_B027464\"\n                    alt=\"_B027464\"\n                    src=\"https:\/\/vvnunspeet.nl\/wp-content\/gallery\/2018-06-02-bekerfinale-vv-nunspeet-o13-1-fc-zutphen-o13-1\/thumbs\/thumbs_B027464.jpg\"\n                    width=\"200\"\n                    height=\"133\"\n                    style=\"max-width:100%;\"\n                \/>\n            <\/a>\n        <\/div>\n\t\t\t\t\t\t\t<\/div> \n\t\t\t\n        \n\t\t\t\t<div id=\"ngg-image-36\" class=\"ngg-gallery-thumbnail-box\" >\n\t\t\t\t        <div class=\"ngg-gallery-thumbnail\">\n            <a href=\"https:\/\/vvnunspeet.nl\/wp-content\/gallery\/2018-06-02-bekerfinale-vv-nunspeet-o13-1-fc-zutphen-o13-1\/B027476.jpg\"\n               title=\"\"\n               data-src=\"https:\/\/vvnunspeet.nl\/wp-content\/gallery\/2018-06-02-bekerfinale-vv-nunspeet-o13-1-fc-zutphen-o13-1\/B027476.jpg\"\n               data-thumbnail=\"https:\/\/vvnunspeet.nl\/wp-content\/gallery\/2018-06-02-bekerfinale-vv-nunspeet-o13-1-fc-zutphen-o13-1\/thumbs\/thumbs_B027476.jpg\"\n               data-image-id=\"1580\"\n               data-title=\"_B027476\"\n               data-description=\"\"\n               data-image-slug=\"_b027476\"\n               class=\"ngg-fancybox\" rel=\"9283da28b8df5328b85d498cc487bc42\">\n                <img\n                    title=\"_B027476\"\n                    alt=\"_B027476\"\n                    src=\"https:\/\/vvnunspeet.nl\/wp-content\/gallery\/2018-06-02-bekerfinale-vv-nunspeet-o13-1-fc-zutphen-o13-1\/thumbs\/thumbs_B027476.jpg\"\n                    width=\"200\"\n                    height=\"133\"\n                    style=\"max-width:100%;\"\n                \/>\n            <\/a>\n        <\/div>\n\t\t\t\t\t\t\t<\/div> \n\t\t\t\n        \n\t\t\t\t<div id=\"ngg-image-37\" class=\"ngg-gallery-thumbnail-box\" >\n\t\t\t\t        <div class=\"ngg-gallery-thumbnail\">\n            <a href=\"https:\/\/vvnunspeet.nl\/wp-content\/gallery\/2018-06-02-bekerfinale-vv-nunspeet-o13-1-fc-zutphen-o13-1\/BO17865.jpg\"\n               title=\"\"\n               data-src=\"https:\/\/vvnunspeet.nl\/wp-content\/gallery\/2018-06-02-bekerfinale-vv-nunspeet-o13-1-fc-zutphen-o13-1\/BO17865.jpg\"\n               data-thumbnail=\"https:\/\/vvnunspeet.nl\/wp-content\/gallery\/2018-06-02-bekerfinale-vv-nunspeet-o13-1-fc-zutphen-o13-1\/thumbs\/thumbs_BO17865.jpg\"\n               data-image-id=\"1601\"\n               data-title=\"_BO17865\"\n               data-description=\"\"\n               data-image-slug=\"_bo17865\"\n               class=\"ngg-fancybox\" rel=\"9283da28b8df5328b85d498cc487bc42\">\n                <img\n                    title=\"_BO17865\"\n                    alt=\"_BO17865\"\n                    src=\"https:\/\/vvnunspeet.nl\/wp-content\/gallery\/2018-06-02-bekerfinale-vv-nunspeet-o13-1-fc-zutphen-o13-1\/thumbs\/thumbs_BO17865.jpg\"\n                    width=\"200\"\n                    height=\"133\"\n                    style=\"max-width:100%;\"\n                \/>\n            <\/a>\n        <\/div>\n\t\t\t\t\t\t\t<\/div> \n\t\t\t\n        \n\t\t\t\t<div id=\"ngg-image-38\" class=\"ngg-gallery-thumbnail-box\" >\n\t\t\t\t        <div class=\"ngg-gallery-thumbnail\">\n            <a href=\"https:\/\/vvnunspeet.nl\/wp-content\/gallery\/2018-06-02-bekerfinale-vv-nunspeet-o13-1-fc-zutphen-o13-1\/B027483.jpg\"\n               title=\"\"\n               data-src=\"https:\/\/vvnunspeet.nl\/wp-content\/gallery\/2018-06-02-bekerfinale-vv-nunspeet-o13-1-fc-zutphen-o13-1\/B027483.jpg\"\n               data-thumbnail=\"https:\/\/vvnunspeet.nl\/wp-content\/gallery\/2018-06-02-bekerfinale-vv-nunspeet-o13-1-fc-zutphen-o13-1\/thumbs\/thumbs_B027483.jpg\"\n               data-image-id=\"1581\"\n               data-title=\"_B027483\"\n               data-description=\"\"\n               data-image-slug=\"_b027483\"\n               class=\"ngg-fancybox\" rel=\"9283da28b8df5328b85d498cc487bc42\">\n                <img\n                    title=\"_B027483\"\n                    alt=\"_B027483\"\n                    src=\"https:\/\/vvnunspeet.nl\/wp-content\/gallery\/2018-06-02-bekerfinale-vv-nunspeet-o13-1-fc-zutphen-o13-1\/thumbs\/thumbs_B027483.jpg\"\n                    width=\"200\"\n                    height=\"133\"\n                    style=\"max-width:100%;\"\n                \/>\n            <\/a>\n        <\/div>\n\t\t\t\t\t\t\t<\/div> \n\t\t\t\n        \n\t\t\t\t<div id=\"ngg-image-39\" class=\"ngg-gallery-thumbnail-box\" >\n\t\t\t\t        <div class=\"ngg-gallery-thumbnail\">\n            <a href=\"https:\/\/vvnunspeet.nl\/wp-content\/gallery\/2018-06-02-bekerfinale-vv-nunspeet-o13-1-fc-zutphen-o13-1\/B027489.jpg\"\n               title=\"\"\n               data-src=\"https:\/\/vvnunspeet.nl\/wp-content\/gallery\/2018-06-02-bekerfinale-vv-nunspeet-o13-1-fc-zutphen-o13-1\/B027489.jpg\"\n               data-thumbnail=\"https:\/\/vvnunspeet.nl\/wp-content\/gallery\/2018-06-02-bekerfinale-vv-nunspeet-o13-1-fc-zutphen-o13-1\/thumbs\/thumbs_B027489.jpg\"\n               data-image-id=\"1582\"\n               data-title=\"_B027489\"\n               data-description=\"\"\n               data-image-slug=\"_b027489\"\n               class=\"ngg-fancybox\" rel=\"9283da28b8df5328b85d498cc487bc42\">\n                <img\n                    title=\"_B027489\"\n                    alt=\"_B027489\"\n                    src=\"https:\/\/vvnunspeet.nl\/wp-content\/gallery\/2018-06-02-bekerfinale-vv-nunspeet-o13-1-fc-zutphen-o13-1\/thumbs\/thumbs_B027489.jpg\"\n                    width=\"200\"\n                    height=\"133\"\n                    style=\"max-width:100%;\"\n                \/>\n            <\/a>\n        <\/div>\n\t\t\t\t\t\t\t<\/div> \n\t\t\t\n        \n\t\t\t\t<div id=\"ngg-image-40\" class=\"ngg-gallery-thumbnail-box\" >\n\t\t\t\t        <div class=\"ngg-gallery-thumbnail\">\n            <a href=\"https:\/\/vvnunspeet.nl\/wp-content\/gallery\/2018-06-02-bekerfinale-vv-nunspeet-o13-1-fc-zutphen-o13-1\/B027498.jpg\"\n               title=\"\"\n               data-src=\"https:\/\/vvnunspeet.nl\/wp-content\/gallery\/2018-06-02-bekerfinale-vv-nunspeet-o13-1-fc-zutphen-o13-1\/B027498.jpg\"\n               data-thumbnail=\"https:\/\/vvnunspeet.nl\/wp-content\/gallery\/2018-06-02-bekerfinale-vv-nunspeet-o13-1-fc-zutphen-o13-1\/thumbs\/thumbs_B027498.jpg\"\n               data-image-id=\"1583\"\n               data-title=\"_B027498\"\n               data-description=\"\"\n               data-image-slug=\"_b027498\"\n               class=\"ngg-fancybox\" rel=\"9283da28b8df5328b85d498cc487bc42\">\n                <img\n                    title=\"_B027498\"\n                    alt=\"_B027498\"\n                    src=\"https:\/\/vvnunspeet.nl\/wp-content\/gallery\/2018-06-02-bekerfinale-vv-nunspeet-o13-1-fc-zutphen-o13-1\/thumbs\/thumbs_B027498.jpg\"\n                    width=\"200\"\n                    height=\"133\"\n                    style=\"max-width:100%;\"\n                \/>\n            <\/a>\n        <\/div>\n\t\t\t\t\t\t\t<\/div> \n\t\t\t\n        \n\t\t\t\t<div id=\"ngg-image-41\" class=\"ngg-gallery-thumbnail-box\" >\n\t\t\t\t        <div class=\"ngg-gallery-thumbnail\">\n            <a href=\"https:\/\/vvnunspeet.nl\/wp-content\/gallery\/2018-06-02-bekerfinale-vv-nunspeet-o13-1-fc-zutphen-o13-1\/B027506.jpg\"\n               title=\"\"\n               data-src=\"https:\/\/vvnunspeet.nl\/wp-content\/gallery\/2018-06-02-bekerfinale-vv-nunspeet-o13-1-fc-zutphen-o13-1\/B027506.jpg\"\n               data-thumbnail=\"https:\/\/vvnunspeet.nl\/wp-content\/gallery\/2018-06-02-bekerfinale-vv-nunspeet-o13-1-fc-zutphen-o13-1\/thumbs\/thumbs_B027506.jpg\"\n               data-image-id=\"1584\"\n               data-title=\"_B027506\"\n               data-description=\"\"\n               data-image-slug=\"_b027506\"\n               class=\"ngg-fancybox\" rel=\"9283da28b8df5328b85d498cc487bc42\">\n                <img\n                    title=\"_B027506\"\n                    alt=\"_B027506\"\n                    src=\"https:\/\/vvnunspeet.nl\/wp-content\/gallery\/2018-06-02-bekerfinale-vv-nunspeet-o13-1-fc-zutphen-o13-1\/thumbs\/thumbs_B027506.jpg\"\n                    width=\"200\"\n                    height=\"133\"\n                    style=\"max-width:100%;\"\n                \/>\n            <\/a>\n        <\/div>\n\t\t\t\t\t\t\t<\/div> \n\t\t\t\n        \n\t\t\t\t<div id=\"ngg-image-42\" class=\"ngg-gallery-thumbnail-box\" >\n\t\t\t\t        <div class=\"ngg-gallery-thumbnail\">\n            <a href=\"https:\/\/vvnunspeet.nl\/wp-content\/gallery\/2018-06-02-bekerfinale-vv-nunspeet-o13-1-fc-zutphen-o13-1\/B027508.jpg\"\n               title=\"\"\n               data-src=\"https:\/\/vvnunspeet.nl\/wp-content\/gallery\/2018-06-02-bekerfinale-vv-nunspeet-o13-1-fc-zutphen-o13-1\/B027508.jpg\"\n               data-thumbnail=\"https:\/\/vvnunspeet.nl\/wp-content\/gallery\/2018-06-02-bekerfinale-vv-nunspeet-o13-1-fc-zutphen-o13-1\/thumbs\/thumbs_B027508.jpg\"\n               data-image-id=\"1585\"\n               data-title=\"_B027508\"\n               data-description=\"\"\n               data-image-slug=\"_b027508\"\n               class=\"ngg-fancybox\" rel=\"9283da28b8df5328b85d498cc487bc42\">\n                <img\n                    title=\"_B027508\"\n                    alt=\"_B027508\"\n                    src=\"https:\/\/vvnunspeet.nl\/wp-content\/gallery\/2018-06-02-bekerfinale-vv-nunspeet-o13-1-fc-zutphen-o13-1\/thumbs\/thumbs_B027508.jpg\"\n                    width=\"200\"\n                    height=\"133\"\n                    style=\"max-width:100%;\"\n                \/>\n            <\/a>\n        <\/div>\n\t\t\t\t\t\t\t<\/div> \n\t\t\t\n        \n\t\t\t\t<div id=\"ngg-image-43\" class=\"ngg-gallery-thumbnail-box\" >\n\t\t\t\t        <div class=\"ngg-gallery-thumbnail\">\n            <a href=\"https:\/\/vvnunspeet.nl\/wp-content\/gallery\/2018-06-02-bekerfinale-vv-nunspeet-o13-1-fc-zutphen-o13-1\/B027510.jpg\"\n               title=\"\"\n               data-src=\"https:\/\/vvnunspeet.nl\/wp-content\/gallery\/2018-06-02-bekerfinale-vv-nunspeet-o13-1-fc-zutphen-o13-1\/B027510.jpg\"\n               data-thumbnail=\"https:\/\/vvnunspeet.nl\/wp-content\/gallery\/2018-06-02-bekerfinale-vv-nunspeet-o13-1-fc-zutphen-o13-1\/thumbs\/thumbs_B027510.jpg\"\n               data-image-id=\"1586\"\n               data-title=\"_B027510\"\n               data-description=\"\"\n               data-image-slug=\"_b027510\"\n               class=\"ngg-fancybox\" rel=\"9283da28b8df5328b85d498cc487bc42\">\n                <img\n                    title=\"_B027510\"\n                    alt=\"_B027510\"\n                    src=\"https:\/\/vvnunspeet.nl\/wp-content\/gallery\/2018-06-02-bekerfinale-vv-nunspeet-o13-1-fc-zutphen-o13-1\/thumbs\/thumbs_B027510.jpg\"\n                    width=\"200\"\n                    height=\"133\"\n                    style=\"max-width:100%;\"\n                \/>\n            <\/a>\n        <\/div>\n\t\t\t\t\t\t\t<\/div> \n\t\t\t\n        \n\t\t\t\t<div id=\"ngg-image-44\" class=\"ngg-gallery-thumbnail-box\" >\n\t\t\t\t        <div class=\"ngg-gallery-thumbnail\">\n            <a href=\"https:\/\/vvnunspeet.nl\/wp-content\/gallery\/2018-06-02-bekerfinale-vv-nunspeet-o13-1-fc-zutphen-o13-1\/B027513.jpg\"\n               title=\"\"\n               data-src=\"https:\/\/vvnunspeet.nl\/wp-content\/gallery\/2018-06-02-bekerfinale-vv-nunspeet-o13-1-fc-zutphen-o13-1\/B027513.jpg\"\n               data-thumbnail=\"https:\/\/vvnunspeet.nl\/wp-content\/gallery\/2018-06-02-bekerfinale-vv-nunspeet-o13-1-fc-zutphen-o13-1\/thumbs\/thumbs_B027513.jpg\"\n               data-image-id=\"1587\"\n               data-title=\"_B027513\"\n               data-description=\"\"\n               data-image-slug=\"_b027513\"\n               class=\"ngg-fancybox\" rel=\"9283da28b8df5328b85d498cc487bc42\">\n                <img\n                    title=\"_B027513\"\n                    alt=\"_B027513\"\n                    src=\"https:\/\/vvnunspeet.nl\/wp-content\/gallery\/2018-06-02-bekerfinale-vv-nunspeet-o13-1-fc-zutphen-o13-1\/thumbs\/thumbs_B027513.jpg\"\n                    width=\"200\"\n                    height=\"133\"\n                    style=\"max-width:100%;\"\n                \/>\n            <\/a>\n        <\/div>\n\t\t\t\t\t\t\t<\/div> \n\t\t\t\n        \n\t\t\t\t<div id=\"ngg-image-45\" class=\"ngg-gallery-thumbnail-box\" >\n\t\t\t\t        <div class=\"ngg-gallery-thumbnail\">\n            <a href=\"https:\/\/vvnunspeet.nl\/wp-content\/gallery\/2018-06-02-bekerfinale-vv-nunspeet-o13-1-fc-zutphen-o13-1\/B027516.jpg\"\n               title=\"\"\n               data-src=\"https:\/\/vvnunspeet.nl\/wp-content\/gallery\/2018-06-02-bekerfinale-vv-nunspeet-o13-1-fc-zutphen-o13-1\/B027516.jpg\"\n               data-thumbnail=\"https:\/\/vvnunspeet.nl\/wp-content\/gallery\/2018-06-02-bekerfinale-vv-nunspeet-o13-1-fc-zutphen-o13-1\/thumbs\/thumbs_B027516.jpg\"\n               data-image-id=\"1588\"\n               data-title=\"_B027516\"\n               data-description=\"\"\n               data-image-slug=\"_b027516\"\n               class=\"ngg-fancybox\" rel=\"9283da28b8df5328b85d498cc487bc42\">\n                <img\n                    title=\"_B027516\"\n                    alt=\"_B027516\"\n                    src=\"https:\/\/vvnunspeet.nl\/wp-content\/gallery\/2018-06-02-bekerfinale-vv-nunspeet-o13-1-fc-zutphen-o13-1\/thumbs\/thumbs_B027516.jpg\"\n                    width=\"200\"\n                    height=\"133\"\n                    style=\"max-width:100%;\"\n                \/>\n            <\/a>\n        <\/div>\n\t\t\t\t\t\t\t<\/div> \n\t\t\t\n        \n\t\t\t\t<div id=\"ngg-image-46\" class=\"ngg-gallery-thumbnail-box\" >\n\t\t\t\t        <div class=\"ngg-gallery-thumbnail\">\n            <a href=\"https:\/\/vvnunspeet.nl\/wp-content\/gallery\/2018-06-02-bekerfinale-vv-nunspeet-o13-1-fc-zutphen-o13-1\/B027542.jpg\"\n               title=\"\"\n               data-src=\"https:\/\/vvnunspeet.nl\/wp-content\/gallery\/2018-06-02-bekerfinale-vv-nunspeet-o13-1-fc-zutphen-o13-1\/B027542.jpg\"\n               data-thumbnail=\"https:\/\/vvnunspeet.nl\/wp-content\/gallery\/2018-06-02-bekerfinale-vv-nunspeet-o13-1-fc-zutphen-o13-1\/thumbs\/thumbs_B027542.jpg\"\n               data-image-id=\"1589\"\n               data-title=\"_B027542\"\n               data-description=\"\"\n               data-image-slug=\"_b027542\"\n               class=\"ngg-fancybox\" rel=\"9283da28b8df5328b85d498cc487bc42\">\n                <img\n                    title=\"_B027542\"\n                    alt=\"_B027542\"\n                    src=\"https:\/\/vvnunspeet.nl\/wp-content\/gallery\/2018-06-02-bekerfinale-vv-nunspeet-o13-1-fc-zutphen-o13-1\/thumbs\/thumbs_B027542.jpg\"\n                    width=\"200\"\n                    height=\"133\"\n                    style=\"max-width:100%;\"\n                \/>\n            <\/a>\n        <\/div>\n\t\t\t\t\t\t\t<\/div> \n\t\t\t\n        \n\t\t\t\t<div id=\"ngg-image-47\" class=\"ngg-gallery-thumbnail-box\" >\n\t\t\t\t        <div class=\"ngg-gallery-thumbnail\">\n            <a href=\"https:\/\/vvnunspeet.nl\/wp-content\/gallery\/2018-06-02-bekerfinale-vv-nunspeet-o13-1-fc-zutphen-o13-1\/BO17889.jpg\"\n               title=\"\"\n               data-src=\"https:\/\/vvnunspeet.nl\/wp-content\/gallery\/2018-06-02-bekerfinale-vv-nunspeet-o13-1-fc-zutphen-o13-1\/BO17889.jpg\"\n               data-thumbnail=\"https:\/\/vvnunspeet.nl\/wp-content\/gallery\/2018-06-02-bekerfinale-vv-nunspeet-o13-1-fc-zutphen-o13-1\/thumbs\/thumbs_BO17889.jpg\"\n               data-image-id=\"1602\"\n               data-title=\"_BO17889\"\n               data-description=\"\"\n               data-image-slug=\"_bo17889-1\"\n               class=\"ngg-fancybox\" rel=\"9283da28b8df5328b85d498cc487bc42\">\n                <img\n                    title=\"_BO17889\"\n                    alt=\"_BO17889\"\n                    src=\"https:\/\/vvnunspeet.nl\/wp-content\/gallery\/2018-06-02-bekerfinale-vv-nunspeet-o13-1-fc-zutphen-o13-1\/thumbs\/thumbs_BO17889.jpg\"\n                    width=\"200\"\n                    height=\"133\"\n                    style=\"max-width:100%;\"\n                \/>\n            <\/a>\n        <\/div>\n\t\t\t\t\t\t\t<\/div> \n\t\t\t\n        \n\t\t\t\t<div id=\"ngg-image-48\" class=\"ngg-gallery-thumbnail-box\" >\n\t\t\t\t        <div class=\"ngg-gallery-thumbnail\">\n            <a href=\"https:\/\/vvnunspeet.nl\/wp-content\/gallery\/2018-06-02-bekerfinale-vv-nunspeet-o13-1-fc-zutphen-o13-1\/B027603.jpg\"\n               title=\"\"\n               data-src=\"https:\/\/vvnunspeet.nl\/wp-content\/gallery\/2018-06-02-bekerfinale-vv-nunspeet-o13-1-fc-zutphen-o13-1\/B027603.jpg\"\n               data-thumbnail=\"https:\/\/vvnunspeet.nl\/wp-content\/gallery\/2018-06-02-bekerfinale-vv-nunspeet-o13-1-fc-zutphen-o13-1\/thumbs\/thumbs_B027603.jpg\"\n               data-image-id=\"1590\"\n               data-title=\"_B027603\"\n               data-description=\"\"\n               data-image-slug=\"_b027603\"\n               class=\"ngg-fancybox\" rel=\"9283da28b8df5328b85d498cc487bc42\">\n                <img\n                    title=\"_B027603\"\n                    alt=\"_B027603\"\n                    src=\"https:\/\/vvnunspeet.nl\/wp-content\/gallery\/2018-06-02-bekerfinale-vv-nunspeet-o13-1-fc-zutphen-o13-1\/thumbs\/thumbs_B027603.jpg\"\n                    width=\"200\"\n                    height=\"133\"\n                    style=\"max-width:100%;\"\n                \/>\n            <\/a>\n        <\/div>\n\t\t\t\t\t\t\t<\/div> \n\t\t\t\n        \n\t\t\t\t<div id=\"ngg-image-49\" class=\"ngg-gallery-thumbnail-box\" >\n\t\t\t\t        <div class=\"ngg-gallery-thumbnail\">\n            <a href=\"https:\/\/vvnunspeet.nl\/wp-content\/gallery\/2018-06-02-bekerfinale-vv-nunspeet-o13-1-fc-zutphen-o13-1\/B027677.jpg\"\n               title=\"\"\n               data-src=\"https:\/\/vvnunspeet.nl\/wp-content\/gallery\/2018-06-02-bekerfinale-vv-nunspeet-o13-1-fc-zutphen-o13-1\/B027677.jpg\"\n               data-thumbnail=\"https:\/\/vvnunspeet.nl\/wp-content\/gallery\/2018-06-02-bekerfinale-vv-nunspeet-o13-1-fc-zutphen-o13-1\/thumbs\/thumbs_B027677.jpg\"\n               data-image-id=\"1591\"\n               data-title=\"_B027677\"\n               data-description=\"\"\n               data-image-slug=\"_b027677\"\n               class=\"ngg-fancybox\" rel=\"9283da28b8df5328b85d498cc487bc42\">\n                <img\n                    title=\"_B027677\"\n                    alt=\"_B027677\"\n                    src=\"https:\/\/vvnunspeet.nl\/wp-content\/gallery\/2018-06-02-bekerfinale-vv-nunspeet-o13-1-fc-zutphen-o13-1\/thumbs\/thumbs_B027677.jpg\"\n                    width=\"200\"\n                    height=\"133\"\n                    style=\"max-width:100%;\"\n                \/>\n            <\/a>\n        <\/div>\n\t\t\t\t\t\t\t<\/div> \n\t\t\t\n        \n\t\t\t\t<div id=\"ngg-image-50\" class=\"ngg-gallery-thumbnail-box\" >\n\t\t\t\t        <div class=\"ngg-gallery-thumbnail\">\n            <a href=\"https:\/\/vvnunspeet.nl\/wp-content\/gallery\/2018-06-02-bekerfinale-vv-nunspeet-o13-1-fc-zutphen-o13-1\/BO17934.jpg\"\n               title=\"\"\n               data-src=\"https:\/\/vvnunspeet.nl\/wp-content\/gallery\/2018-06-02-bekerfinale-vv-nunspeet-o13-1-fc-zutphen-o13-1\/BO17934.jpg\"\n               data-thumbnail=\"https:\/\/vvnunspeet.nl\/wp-content\/gallery\/2018-06-02-bekerfinale-vv-nunspeet-o13-1-fc-zutphen-o13-1\/thumbs\/thumbs_BO17934.jpg\"\n               data-image-id=\"1603\"\n               data-title=\"_BO17934\"\n               data-description=\"\"\n               data-image-slug=\"_bo17934\"\n               class=\"ngg-fancybox\" rel=\"9283da28b8df5328b85d498cc487bc42\">\n                <img\n                    title=\"_BO17934\"\n                    alt=\"_BO17934\"\n                    src=\"https:\/\/vvnunspeet.nl\/wp-content\/gallery\/2018-06-02-bekerfinale-vv-nunspeet-o13-1-fc-zutphen-o13-1\/thumbs\/thumbs_BO17934.jpg\"\n                    width=\"200\"\n                    height=\"133\"\n                    style=\"max-width:100%;\"\n                \/>\n            <\/a>\n        <\/div>\n\t\t\t\t\t\t\t<\/div> \n\t\t\t\n        \n\t\t\t\t<div id=\"ngg-image-51\" class=\"ngg-gallery-thumbnail-box\" >\n\t\t\t\t        <div class=\"ngg-gallery-thumbnail\">\n            <a href=\"https:\/\/vvnunspeet.nl\/wp-content\/gallery\/2018-06-02-bekerfinale-vv-nunspeet-o13-1-fc-zutphen-o13-1\/B027712.jpg\"\n               title=\"\"\n               data-src=\"https:\/\/vvnunspeet.nl\/wp-content\/gallery\/2018-06-02-bekerfinale-vv-nunspeet-o13-1-fc-zutphen-o13-1\/B027712.jpg\"\n               data-thumbnail=\"https:\/\/vvnunspeet.nl\/wp-content\/gallery\/2018-06-02-bekerfinale-vv-nunspeet-o13-1-fc-zutphen-o13-1\/thumbs\/thumbs_B027712.jpg\"\n               data-image-id=\"1592\"\n               data-title=\"_B027712\"\n               data-description=\"\"\n               data-image-slug=\"_b027712\"\n               class=\"ngg-fancybox\" rel=\"9283da28b8df5328b85d498cc487bc42\">\n                <img\n                    title=\"_B027712\"\n                    alt=\"_B027712\"\n                    src=\"https:\/\/vvnunspeet.nl\/wp-content\/gallery\/2018-06-02-bekerfinale-vv-nunspeet-o13-1-fc-zutphen-o13-1\/thumbs\/thumbs_B027712.jpg\"\n                    width=\"200\"\n                    height=\"133\"\n                    style=\"max-width:100%;\"\n                \/>\n            <\/a>\n        <\/div>\n\t\t\t\t\t\t\t<\/div> \n\t\t\t\n        \n\t\t\n\t\t<!-- Pagination -->\n\t<div class='ngg-clear'><\/div>\t<\/div>\n\n","protected":false},"excerpt":{"rendered":"<p>Zaterdagmorgen met de dubbeldeks bus richting Didam. Luuk de chauffeur stuurt behendig richting de snelweg. Binnen in de bus is de spanning voelbaar. Aangekomen worden we warm ontvangen door de [&hellip;]<\/p>\n","protected":false},"author":2,"featured_media":8432,"comment_status":"closed","ping_status":"closed","sticky":false,"template":"","format":"standard","meta":{"ngg_post_thumbnail":0},"categories":[4],"tags":[],"_links":{"self":[{"href":"https:\/\/vvnunspeet.nl\/index.php\/wp-json\/wp\/v2\/posts\/8431"}],"collection":[{"href":"https:\/\/vvnunspeet.nl\/index.php\/wp-json\/wp\/v2\/posts"}],"about":[{"href":"https:\/\/vvnunspeet.nl\/index.php\/wp-json\/wp\/v2\/types\/post"}],"author":[{"embeddable":true,"href":"https:\/\/vvnunspeet.nl\/index.php\/wp-json\/wp\/v2\/users\/2"}],"replies":[{"embeddable":true,"href":"https:\/\/vvnunspeet.nl\/index.php\/wp-json\/wp\/v2\/comments?post=8431"}],"version-history":[{"count":1,"href":"https:\/\/vvnunspeet.nl\/index.php\/wp-json\/wp\/v2\/posts\/8431\/revisions"}],"predecessor-version":[{"id":8433,"href":"https:\/\/vvnunspeet.nl\/index.php\/wp-json\/wp\/v2\/posts\/8431\/revisions\/8433"}],"wp:featuredmedia":[{"embeddable":true,"href":"https:\/\/vvnunspeet.nl\/index.php\/wp-json\/wp\/v2\/media\/8432"}],"wp:attachment":[{"href":"https:\/\/vvnunspeet.nl\/index.php\/wp-json\/wp\/v2\/media?parent=8431"}],"wp:term":[{"taxonomy":"category","embeddable":true,"href":"https:\/\/vvnunspeet.nl\/index.php\/wp-json\/wp\/v2\/categories?post=8431"},{"taxonomy":"post_tag","embeddable":true,"href":"https:\/\/vvnunspeet.nl\/index.php\/wp-json\/wp\/v2\/tags?post=8431"}],"curies":[{"name":"wp","href":"https:\/\/api.w.org\/{rel}","templated":true}]}}